{"id":8709,"date":"2025-07-29T18:58:27","date_gmt":"2025-07-29T17:58:27","guid":{"rendered":"https:\/\/informacionlocal.es\/il-pfae-gj-fuerteventura-conserva-il-suo-ambiente-forma-i-giovani-al-giardinaggio-e-alla-conservazione-dellambiente-naturale\/"},"modified":"2025-07-29T18:58:27","modified_gmt":"2025-07-29T17:58:27","slug":"il-pfae-gj-fuerteventura-conserva-il-suo-ambiente-forma-i-giovani-al-giardinaggio-e-alla-conservazione-dellambiente-naturale","status":"publish","type":"post","link":"https:\/\/informacionlocal.es\/it\/il-pfae-gj-fuerteventura-conserva-il-suo-ambiente-forma-i-giovani-al-giardinaggio-e-alla-conservazione-dellambiente-naturale\/","title":{"rendered":"Il PFAE GJ &#8220;Fuerteventura conserva il suo ambiente&#8221; forma i giovani al giardinaggio e alla conservazione dell&#8217;ambiente naturale."},"content":{"rendered":"<div class=\"entry-content\"><strong>29 luglio 2025<\/strong><\/p>\n<p><em><strong>Attualmente stanno lavorando alla coltivazione e all&#8217;impianto di terrazze presso la Stazione Biologica di La Oliva.<\/strong><\/em><\/p>\n<p>Un totale di quindici giovani disoccupati ricevono una formazione in giardinaggio grazie al PFAE GJ &#8220;Fuerteventura preserva il suo ambiente&#8221;, un programma promosso dal Cabildo di Fuerteventura e finanziato dal Servizio per l&#8217;Impiego delle Canarie (SCE), che cerca di migliorare l&#8217;occupabilit\u00e0 dei giovani con particolari difficolt\u00e0 a trovare lavoro.<\/p>\n<p>Grazie a questo Programma di Formazione in Alternanza con Garanzia Giovani (PFAE-GJ), gli studenti-lavoratori vengono formati per ottenere i certificati di professionalit\u00e0 nei lavori ausiliari in vivai, giardini e centri di giardinaggio, nonch\u00e9 nell&#8217;installazione e manutenzione di giardini e aree verdi. Durante lo svolgimento del programma, realizzeranno lavori e servizi nella Stazione Biologica di La Oliva e nel Parco Municipale &#8220;La Tunera&#8221;, nel comune di La Oliva. <\/p>\n<p>Tra i compiti che svolgeranno c&#8217;\u00e8 l&#8217;esecuzione di operazioni ausiliarie per la realizzazione e la manutenzione di giardini, parchi e aree verdi, nonch\u00e9 la produzione di piante in vivaio. Queste attivit\u00e0 saranno svolte con particolare attenzione al rispetto delle normative ambientali, di qualit\u00e0 e di prevenzione dei rischi professionali, nonch\u00e9 all&#8217;utilizzo di macchine e strumenti per il giardinaggio. <\/p>\n<p>Il programma conta un totale di 20 partecipanti, tra cui 15 studenti lavoratori e 5 professionisti che costituiscono il team di gestione, il coordinatore e il personale di supporto didattico e amministrativo.<\/p>\n<p>L&#8217;assessore alla Promozione dell&#8217;Occupazione, Nuria Cabrera, ha visitato la formazione, accompagnata dal tecnico del Servizio per l&#8217;Occupazione delle Canarie, Antonio Ojeda. Cabrera ha sottolineato che questa Garanzia Giovani PFAE offre ai giovani l&#8217;opportunit\u00e0 di entrare nel mercato svolgendo attivit\u00e0 di servizio pubblico molto necessarie, in questo caso orientate all&#8217;occupazione verde con servizi impegnati per l&#8217;ambiente naturale dell&#8217;isola. <\/p>\n<p>Il progetto &#8220;Fuerteventura preserva il suo ambiente&#8221; ha un investimento totale di 448.501,63 euro, essendo un progetto finanziato dal Servizio per l&#8217;Impiego delle Canarie e cofinanziato all&#8217;85% dal Fondo Sociale Europeo Plus 2021-2027 Programma delle Isole Canarie, oltre che dal Cabildo di Fuerteventura e dal Governo delle Isole Canarie, attraverso le risorse del Fondo di Sviluppo delle Isole Canarie (FDCAN).<\/p>\n<\/div>\n","protected":false},"excerpt":{"rendered":"<p>29 luglio 2025 Attualmente stanno lavorando alla coltivazione e all&#8217;impianto di terrazze presso la Stazione Biologica di La Oliva. Un totale di quindici giovani disoccupati ricevono una formazione in giardinaggio [&hellip;]<\/p>\n","protected":false},"author":1,"featured_media":8706,"comment_status":"open","ping_status":"open","sticky":false,"template":"","format":"standard","meta":{"inline_featured_image":false,"jnews-multi-image_gallery":[],"jnews_single_post":[],"jnews_primary_category":[],"jnews_social_meta":[],"jnews_override_counter":[],"jnews_post_split":[],"footnotes":""},"categories":[289],"tags":[223],"class_list":["post-8709","post","type-post","status-publish","format-standard","has-post-thumbnail","hentry","category-cabildo-it","tag-fuerteventura-it"],"jetpack_featured_media_url":"https:\/\/informacionlocal.es\/wp-content\/uploads\/2025\/07\/edfer-1.jpeg","_links":{"self":[{"href":"https:\/\/informacionlocal.es\/it\/wp-json\/wp\/v2\/posts\/8709","targetHints":{"allow":["GET"]}}],"collection":[{"href":"https:\/\/informacionlocal.es\/it\/wp-json\/wp\/v2\/posts"}],"about":[{"href":"https:\/\/informacionlocal.es\/it\/wp-json\/wp\/v2\/types\/post"}],"author":[{"embeddable":true,"href":"https:\/\/informacionlocal.es\/it\/wp-json\/wp\/v2\/users\/1"}],"replies":[{"embeddable":true,"href":"https:\/\/informacionlocal.es\/it\/wp-json\/wp\/v2\/comments?post=8709"}],"version-history":[{"count":0,"href":"https:\/\/informacionlocal.es\/it\/wp-json\/wp\/v2\/posts\/8709\/revisions"}],"wp:featuredmedia":[{"embeddable":true,"href":"https:\/\/informacionlocal.es\/it\/wp-json\/wp\/v2\/media\/8706"}],"wp:attachment":[{"href":"https:\/\/informacionlocal.es\/it\/wp-json\/wp\/v2\/media?parent=8709"}],"wp:term":[{"taxonomy":"category","embeddable":true,"href":"https:\/\/informacionlocal.es\/it\/wp-json\/wp\/v2\/categories?post=8709"},{"taxonomy":"post_tag","embeddable":true,"href":"https:\/\/informacionlocal.es\/it\/wp-json\/wp\/v2\/tags?post=8709"}],"curies":[{"name":"wp","href":"https:\/\/api.w.org\/{rel}","templated":true}]}}