{"id":8696,"date":"2025-07-29T18:04:39","date_gmt":"2025-07-29T17:04:39","guid":{"rendered":"https:\/\/informacionlocal.es\/il-cabildo-commemora-i-50-anni-della-settimana-della-gioventu-con-una-mostra-fotografica\/"},"modified":"2025-07-29T18:04:39","modified_gmt":"2025-07-29T17:04:39","slug":"il-cabildo-commemora-i-50-anni-della-settimana-della-gioventu-con-una-mostra-fotografica","status":"publish","type":"post","link":"https:\/\/informacionlocal.es\/it\/il-cabildo-commemora-i-50-anni-della-settimana-della-gioventu-con-una-mostra-fotografica\/","title":{"rendered":"Il Cabildo commemora i 50 anni della Settimana della Giovent\u00f9 con una mostra fotografica"},"content":{"rendered":"<div class=\"entry-content\"><strong>29 luglio 2025<\/strong><\/p>\n<p><em><strong>L&#8217;esposizione, composta da fotografie di Carlos de Sa\u00e1, compie un viaggio attraverso mezzo secolo di storia nella Biblioteca del Gran Tarajal e nell&#8217;Avenida Mar\u00edtima.<\/strong><\/em><\/p>\n<p>Il Cabildo di Fuerteventura rende omaggio alla Settimana della Giovent\u00f9 di Gran Tarajal con la mostra &#8220;Anni di sale: 50 anni di giovent\u00f9&#8221;. Promossa dai Musei di Fuerteventura, la mostra si inaugura questo gioved\u00ec, 31 luglio, presso la Biblioteca Gran Tarajal, alle ore 19.00. <\/p>\n<p>La presidente del Cabildo, Lola Garc\u00eda, e l&#8217;Assessore ai Musei di Fuerteventura invitano residenti e visitatori a fare un viaggio attraverso mezzo secolo di storia, con le fotografie di Carlos de Sa\u00e1 che rivivono i momenti pi\u00f9 speciali della Settimana della Giovent\u00f9, dalle sue origini negli anni Settanta alle edizioni pi\u00f9 recenti.<\/p>\n<p>La mostra rimarr\u00e0 aperta al pubblico fino al 15 settembre. Ci saranno due spazi: la Biblioteca del Gran Tarajal, dove si potranno ripercorrere cinque decenni di ricordi, materiali inediti e aneddoti, e l&#8217;Avenida Mar\u00edtima del Gran Tarajal. <\/p>\n<\/div>\n","protected":false},"excerpt":{"rendered":"<p>29 luglio 2025 L&#8217;esposizione, composta da fotografie di Carlos de Sa\u00e1, compie un viaggio attraverso mezzo secolo di storia nella Biblioteca del Gran Tarajal e nell&#8217;Avenida Mar\u00edtima. Il Cabildo di [&hellip;]<\/p>\n","protected":false},"author":1,"featured_media":8694,"comment_status":"open","ping_status":"open","sticky":false,"template":"","format":"standard","meta":{"inline_featured_image":false,"jnews-multi-image_gallery":[],"jnews_single_post":[],"jnews_primary_category":[],"jnews_social_meta":[],"jnews_override_counter":[],"jnews_post_split":[],"footnotes":""},"categories":[289],"tags":[223],"class_list":["post-8696","post","type-post","status-publish","format-standard","has-post-thumbnail","hentry","category-cabildo-it","tag-fuerteventura-it"],"jetpack_featured_media_url":"https:\/\/informacionlocal.es\/wp-content\/uploads\/2025\/07\/gngn.jpeg","_links":{"self":[{"href":"https:\/\/informacionlocal.es\/it\/wp-json\/wp\/v2\/posts\/8696","targetHints":{"allow":["GET"]}}],"collection":[{"href":"https:\/\/informacionlocal.es\/it\/wp-json\/wp\/v2\/posts"}],"about":[{"href":"https:\/\/informacionlocal.es\/it\/wp-json\/wp\/v2\/types\/post"}],"author":[{"embeddable":true,"href":"https:\/\/informacionlocal.es\/it\/wp-json\/wp\/v2\/users\/1"}],"replies":[{"embeddable":true,"href":"https:\/\/informacionlocal.es\/it\/wp-json\/wp\/v2\/comments?post=8696"}],"version-history":[{"count":0,"href":"https:\/\/informacionlocal.es\/it\/wp-json\/wp\/v2\/posts\/8696\/revisions"}],"wp:featuredmedia":[{"embeddable":true,"href":"https:\/\/informacionlocal.es\/it\/wp-json\/wp\/v2\/media\/8694"}],"wp:attachment":[{"href":"https:\/\/informacionlocal.es\/it\/wp-json\/wp\/v2\/media?parent=8696"}],"wp:term":[{"taxonomy":"category","embeddable":true,"href":"https:\/\/informacionlocal.es\/it\/wp-json\/wp\/v2\/categories?post=8696"},{"taxonomy":"post_tag","embeddable":true,"href":"https:\/\/informacionlocal.es\/it\/wp-json\/wp\/v2\/tags?post=8696"}],"curies":[{"name":"wp","href":"https:\/\/api.w.org\/{rel}","templated":true}]}}