{"id":8684,"date":"2025-07-29T16:59:42","date_gmt":"2025-07-29T15:59:42","guid":{"rendered":"https:\/\/informacionlocal.es\/il-cabildo-accoglie-i-bambini-saharawi-del-programma-vacanze-in-pace\/"},"modified":"2025-07-29T16:59:42","modified_gmt":"2025-07-29T15:59:42","slug":"il-cabildo-accoglie-i-bambini-saharawi-del-programma-vacanze-in-pace","status":"publish","type":"post","link":"https:\/\/informacionlocal.es\/it\/il-cabildo-accoglie-i-bambini-saharawi-del-programma-vacanze-in-pace\/","title":{"rendered":"Il Cabildo accoglie i bambini Saharawi del programma Vacanze in Pace"},"content":{"rendered":"<div class=\"entry-content\"><strong>29 luglio 2025<\/strong><\/p>\n<p>Il Consiglio dell&#8217;isola di Fuerteventura ha ricevuto oggi otto bambini saharawi che stanno trascorrendo i mesi estivi sull&#8217;isola grazie al programma &#8220;Vacanze in pace&#8221;. L&#8217;iniziativa permette ai bambini di godere di una vacanza lontano dalle difficili condizioni dei campi profughi di Tindouf (Algeria), dove il caldo pu\u00f2 raggiungere oltre 50 gradi centigradi. <\/p>\n<p>La cerimonia di benvenuto si \u00e8 svolta nella Sala Plenaria del Cabildo, dove sono stati accolti dalla presidente del Cabildo, Lola Garc\u00eda, dall&#8217;assessore all&#8217;Azione Sociale, V\u00edctor Alonso, e da altri consiglieri del governo e dell&#8217;opposizione. In rappresentanza della comunit\u00e0 saharawi di Fuerteventura erano presenti il suo presidente, Ahmed Hasenna, il delegato del Fronte Polisario di Fuerteventura, Mohamed Ali Larbi, e Juan Valent\u00edn Cabrera dell&#8217;associazione Sahara Fuerte. <\/p>\n<p>Lola Garc\u00eda ha ringraziato la comunit\u00e0 saharawi &#8220;per continuare a contare su di noi in un&#8217;iniziativa che non solo mostra solidariet\u00e0 con questi bambini, ma rende anche visibili i diritti dei minori e la lotta del popolo saharawi per tanti anni&#8221;.<\/p>\n<p>Sia Lola Garc\u00eda che V\u00edctor Alonso hanno sottolineato il valore di &#8220;questo atto simbolico molto importante per noi&#8221; e hanno ringraziato la comunit\u00e0 Saharawi, le famiglie affidatarie e le organizzazioni che rendono possibile un&#8217;iniziativa che &#8220;rende visibili i diritti dei bambini e la lotta del popolo Saharawi&#8221;, secondo Garc\u00eda.<\/p>\n<p>Durante il loro soggiorno, i bambini partecipano a una serie di attivit\u00e0 culturali e ricreative, tra cui visite a luoghi di interesse dell&#8217;isola e giornate sociali. Queste attivit\u00e0 non solo mirano a fornire loro un&#8217;esperienza arricchente, ma anche a favorire il loro sviluppo personale e il loro benessere emotivo. <\/p>\n<p>Il programma &#8220;Vacanze in Pace&#8221; \u00e8 in corso da pi\u00f9 di due decenni a Fuerteventura e nelle Isole Canarie, promosso dall&#8217;Associazione Canaria di Amicizia con il Popolo Saharawi e dalle diverse delegazioni Saharawi. Ogni anno permette a centinaia di bambini di vivere un&#8217;estate diversa.   <\/p>\n<\/div>\n","protected":false},"excerpt":{"rendered":"<p>29 luglio 2025 Il Consiglio dell&#8217;isola di Fuerteventura ha ricevuto oggi otto bambini saharawi che stanno trascorrendo i mesi estivi sull&#8217;isola grazie al programma &#8220;Vacanze in pace&#8221;. L&#8217;iniziativa permette ai [&hellip;]<\/p>\n","protected":false},"author":1,"featured_media":8682,"comment_status":"open","ping_status":"open","sticky":false,"template":"","format":"standard","meta":{"inline_featured_image":false,"jnews-multi-image_gallery":[],"jnews_single_post":[],"jnews_primary_category":[],"jnews_social_meta":[],"jnews_override_counter":[],"jnews_post_split":[],"footnotes":""},"categories":[289],"tags":[223],"class_list":["post-8684","post","type-post","status-publish","format-standard","has-post-thumbnail","hentry","category-cabildo-it","tag-fuerteventura-it"],"jetpack_featured_media_url":"https:\/\/informacionlocal.es\/wp-content\/uploads\/2025\/07\/ggh.jpeg","_links":{"self":[{"href":"https:\/\/informacionlocal.es\/it\/wp-json\/wp\/v2\/posts\/8684","targetHints":{"allow":["GET"]}}],"collection":[{"href":"https:\/\/informacionlocal.es\/it\/wp-json\/wp\/v2\/posts"}],"about":[{"href":"https:\/\/informacionlocal.es\/it\/wp-json\/wp\/v2\/types\/post"}],"author":[{"embeddable":true,"href":"https:\/\/informacionlocal.es\/it\/wp-json\/wp\/v2\/users\/1"}],"replies":[{"embeddable":true,"href":"https:\/\/informacionlocal.es\/it\/wp-json\/wp\/v2\/comments?post=8684"}],"version-history":[{"count":0,"href":"https:\/\/informacionlocal.es\/it\/wp-json\/wp\/v2\/posts\/8684\/revisions"}],"wp:featuredmedia":[{"embeddable":true,"href":"https:\/\/informacionlocal.es\/it\/wp-json\/wp\/v2\/media\/8682"}],"wp:attachment":[{"href":"https:\/\/informacionlocal.es\/it\/wp-json\/wp\/v2\/media?parent=8684"}],"wp:term":[{"taxonomy":"category","embeddable":true,"href":"https:\/\/informacionlocal.es\/it\/wp-json\/wp\/v2\/categories?post=8684"},{"taxonomy":"post_tag","embeddable":true,"href":"https:\/\/informacionlocal.es\/it\/wp-json\/wp\/v2\/tags?post=8684"}],"curies":[{"name":"wp","href":"https:\/\/api.w.org\/{rel}","templated":true}]}}