{"id":8674,"date":"2025-07-29T16:06:28","date_gmt":"2025-07-29T15:06:28","guid":{"rendered":"https:\/\/informacionlocal.es\/il-consiglio-dellisola-di-fuerteventura-chiede-al-ministero-di-garantire-la-qualita-del-servizio-nella-torre-di-controllo-dellaeroporto\/"},"modified":"2025-07-29T16:06:28","modified_gmt":"2025-07-29T15:06:28","slug":"il-consiglio-dellisola-di-fuerteventura-chiede-al-ministero-di-garantire-la-qualita-del-servizio-nella-torre-di-controllo-dellaeroporto","status":"publish","type":"post","link":"https:\/\/informacionlocal.es\/it\/il-consiglio-dellisola-di-fuerteventura-chiede-al-ministero-di-garantire-la-qualita-del-servizio-nella-torre-di-controllo-dellaeroporto\/","title":{"rendered":"Il Consiglio dell&#8217;isola di Fuerteventura chiede al Ministero di garantire la qualit\u00e0 del servizio nella torre di controllo dell&#8217;aeroporto."},"content":{"rendered":"<div class=\"entry-content\"><strong>29 luglio 2025<\/strong><\/p>\n<p>La presidente del Consiglio dell&#8217;isola di Fuerteventura, Lola Garc\u00eda, ha scritto al ministro dei Trasporti e della Mobilit\u00e0 sostenibile, \u00d3scar Puente, chiedendogli di supervisionare immediatamente il servizio fornito dal controllo del traffico aereo all&#8217;aeroporto di Fuerteventura.<\/p>\n<p>La torre di controllo di Fuerteventura \u00e8 una delle torri che il governo spagnolo ha privatizzato all&#8217;epoca, nonostante l&#8217;opposizione delle amministrazioni locali, tra cui lo stesso Cabildo di Fuerteventura, preoccupate per il possibile deterioramento della qualit\u00e0 del servizio.<\/p>\n<p>Ora il Sindacato dei Controllori del Traffico Aereo (USCA) ha chiesto la sospensione cautelativa dell&#8217;accreditamento della societ\u00e0 privata SAERCO, concessionaria della torre di Fuerteventura, e la sua sostituzione con la societ\u00e0 pubblica ENAIRE. Esse avvertono che la sicurezza delle operazioni negli aeroporti gestiti da SAERCO potrebbe essere compromessa dal deterioramento delle condizioni di lavoro derivante dai suoi problemi finanziari, che sono stati riconosciuti dalla stessa societ\u00e0 in tribunale. Nelle Isole Canarie, SAERCO si \u00e8 aggiudicata il controllo del traffico aereo negli aeroporti di La Palma, Lanzarote e Fuerteventura.  <\/p>\n<p>&#8220;A Fuerteventura, e sono sicuro anche nel resto delle isole colpite, seguiamo questa notizia con grande preoccupazione, perch\u00e9 la nostra economia e in generale il nostro stile di vita dipendono direttamente dal buon funzionamento dell&#8217;aeroporto, a partire dalla sua torre di controllo&#8221;, ha detto il presidente del Cabildo.<\/p>\n<p>Per questo motivo Lola Garc\u00eda chiede &#8220;una revisione approfondita delle condizioni in cui si svolge questa concessione per garantire la sicurezza e per fare ci\u00f2 che \u00e8 necessario per recuperare il suo funzionamento come servizio pubblico di base&#8221;. Non solo temporaneamente, come propone l&#8217;USCA, ma in modo definitivo. Alle stesse condizioni degli altri aeroporti spagnoli con torri di controllo non privatizzate&#8221;.<\/p>\n<p>Lola Garc\u00eda ricorda che il Cabildo di Fuerteventura, cos\u00ec come il resto delle istituzioni di Fuerteventura e delle Isole Canarie, aveva gi\u00e0 espresso il suo disaccordo con la privatizzazione di questi servizi di base.<\/p>\n<\/div>\n","protected":false},"excerpt":{"rendered":"<p>29 luglio 2025 La presidente del Consiglio dell&#8217;isola di Fuerteventura, Lola Garc\u00eda, ha scritto al ministro dei Trasporti e della Mobilit\u00e0 sostenibile, \u00d3scar Puente, chiedendogli di supervisionare immediatamente il servizio [&hellip;]<\/p>\n","protected":false},"author":1,"featured_media":0,"comment_status":"open","ping_status":"open","sticky":false,"template":"","format":"standard","meta":{"inline_featured_image":false,"jnews-multi-image_gallery":[],"jnews_single_post":[],"jnews_primary_category":[],"jnews_social_meta":[],"jnews_override_counter":[],"jnews_post_split":[],"footnotes":""},"categories":[289],"tags":[223,204],"class_list":["post-8674","post","type-post","status-publish","format-standard","hentry","category-cabildo-it","tag-fuerteventura-it","tag-trasporto"],"jetpack_featured_media_url":"","_links":{"self":[{"href":"https:\/\/informacionlocal.es\/it\/wp-json\/wp\/v2\/posts\/8674","targetHints":{"allow":["GET"]}}],"collection":[{"href":"https:\/\/informacionlocal.es\/it\/wp-json\/wp\/v2\/posts"}],"about":[{"href":"https:\/\/informacionlocal.es\/it\/wp-json\/wp\/v2\/types\/post"}],"author":[{"embeddable":true,"href":"https:\/\/informacionlocal.es\/it\/wp-json\/wp\/v2\/users\/1"}],"replies":[{"embeddable":true,"href":"https:\/\/informacionlocal.es\/it\/wp-json\/wp\/v2\/comments?post=8674"}],"version-history":[{"count":0,"href":"https:\/\/informacionlocal.es\/it\/wp-json\/wp\/v2\/posts\/8674\/revisions"}],"wp:attachment":[{"href":"https:\/\/informacionlocal.es\/it\/wp-json\/wp\/v2\/media?parent=8674"}],"wp:term":[{"taxonomy":"category","embeddable":true,"href":"https:\/\/informacionlocal.es\/it\/wp-json\/wp\/v2\/categories?post=8674"},{"taxonomy":"post_tag","embeddable":true,"href":"https:\/\/informacionlocal.es\/it\/wp-json\/wp\/v2\/tags?post=8674"}],"curies":[{"name":"wp","href":"https:\/\/api.w.org\/{rel}","templated":true}]}}