{"id":8640,"date":"2025-07-29T10:59:07","date_gmt":"2025-07-29T09:59:07","guid":{"rendered":"https:\/\/informacionlocal.es\/gli-escursionisti-di-antigua-attraversano-gli-insediamenti-e-le-gole-da-guisguey-a-la-caldereta\/"},"modified":"2025-07-29T10:59:07","modified_gmt":"2025-07-29T09:59:07","slug":"gli-escursionisti-di-antigua-attraversano-gli-insediamenti-e-le-gole-da-guisguey-a-la-caldereta","status":"publish","type":"post","link":"https:\/\/informacionlocal.es\/it\/gli-escursionisti-di-antigua-attraversano-gli-insediamenti-e-le-gole-da-guisguey-a-la-caldereta\/","title":{"rendered":"Gli escursionisti di Antigua attraversano gli insediamenti e le gole da Guisguey a La Caldereta"},"content":{"rendered":"<div class=\"elementor-widget-container\">\n<p><strong>Gli escursionisti di Antigua attraversano gli insediamenti e le gole da Guisguey a La Caldereta<\/strong><br \/><strong>Il programma escursionistico di Antigua se Mueve riempie tutti i posti di ogni itinerario proposto.<\/strong><\/p>\n<p><strong>&#8211; Pi\u00f9 di trenta camminatori iscritti al percorso proposto dal programma Antigua se Mueve questo fine settimana hanno esplorato il paesaggio, la storia, le gole e gli insediamenti da Guisguey a La Caldereta.  <\/strong><br \/><strong>&#8211; Ogni itinerario di Antigua se Mueve, organizzato dal Comune di Antigua, prevede il trasporto degli escursionisti, le spiegazioni di una guida lungo il percorso e uno spuntino per completare il punto di incontro degli escursionisti.<\/strong><\/p>\n<p>Questo fine settimana, i camminatori di Antigua hanno nuovamente riempito i luoghi del programma Antigua se Mueve, percorrendo il quinto itinerario proposto nel programma Antigua se Mueve, da Guisguey a La Caldereta, con una guida che ha spiegato la storia degli insediamenti, l&#8217;origine dell&#8217;agricoltura e dell&#8217;allevamento nella zona e i momenti della storia dei villaggi visitati lungo il percorso.<\/p>\n<p>Gli assessorati alla Giovent\u00f9 e allo Sport del Comune di Antigua, coordinati rispettivamente dai consiglieri Pedro Armas e Samuel Torres, organizzano questa attivit\u00e0 escursionistica, Antigua se mueve, proponendo un piano di salutari passeggiate di varia difficolt\u00e0 e per tutte le et\u00e0, facilitando gli spostamenti da Antigua, mettendo a disposizione un team di guide che spiegano ogni passo lungo il percorso, offrendo un pranzo finale per recuperare le forze, spiega il sindaco, Mat\u00edas Pe\u00f1a.<\/p>\n<p>Il prossimo itinerario \u00e8 proposto a fine settembre, con partenza da Antigua, e porter\u00e0 dal Morro Janana ad Agua de Bueyes, un&#8217;escursione di quattordici chilometri, con un alto livello di difficolt\u00e0, da percorrere in circa cinque ore.<\/p>\n<p>Le iscrizioni, completamente gratuite, per ogni itinerario proposto sono sempre aperte con quindici giorni di anticipo e possono essere presentate presso il Municipio di Antigua, l&#8217;Ufficio del Sindaco di Caleta de Fuste o online, con preferenza per gli iscritti al Comune.<\/p>\n<\/p>\n<\/div>\n","protected":false},"excerpt":{"rendered":"<p><strong>Gli escursionisti di Antigua attraversano gli insediamenti e le gole da Guisguey a La Caldereta<\/strong><\/p>\n","protected":false},"author":1,"featured_media":8638,"comment_status":"open","ping_status":"open","sticky":false,"template":"","format":"standard","meta":{"inline_featured_image":false,"jnews-multi-image_gallery":[],"jnews_single_post":[],"jnews_primary_category":[],"jnews_social_meta":[],"jnews_override_counter":[],"jnews_post_split":[],"footnotes":""},"categories":[282],"tags":[],"class_list":["post-8640","post","type-post","status-publish","format-standard","has-post-thumbnail","hentry","category-antigua-it"],"jetpack_featured_media_url":"https:\/\/informacionlocal.es\/wp-content\/uploads\/2025\/07\/img-20250728-wa0133.jpg","_links":{"self":[{"href":"https:\/\/informacionlocal.es\/it\/wp-json\/wp\/v2\/posts\/8640","targetHints":{"allow":["GET"]}}],"collection":[{"href":"https:\/\/informacionlocal.es\/it\/wp-json\/wp\/v2\/posts"}],"about":[{"href":"https:\/\/informacionlocal.es\/it\/wp-json\/wp\/v2\/types\/post"}],"author":[{"embeddable":true,"href":"https:\/\/informacionlocal.es\/it\/wp-json\/wp\/v2\/users\/1"}],"replies":[{"embeddable":true,"href":"https:\/\/informacionlocal.es\/it\/wp-json\/wp\/v2\/comments?post=8640"}],"version-history":[{"count":0,"href":"https:\/\/informacionlocal.es\/it\/wp-json\/wp\/v2\/posts\/8640\/revisions"}],"wp:featuredmedia":[{"embeddable":true,"href":"https:\/\/informacionlocal.es\/it\/wp-json\/wp\/v2\/media\/8638"}],"wp:attachment":[{"href":"https:\/\/informacionlocal.es\/it\/wp-json\/wp\/v2\/media?parent=8640"}],"wp:term":[{"taxonomy":"category","embeddable":true,"href":"https:\/\/informacionlocal.es\/it\/wp-json\/wp\/v2\/categories?post=8640"},{"taxonomy":"post_tag","embeddable":true,"href":"https:\/\/informacionlocal.es\/it\/wp-json\/wp\/v2\/tags?post=8640"}],"curies":[{"name":"wp","href":"https:\/\/api.w.org\/{rel}","templated":true}]}}