{"id":8618,"date":"2025-07-29T01:58:39","date_gmt":"2025-07-29T00:58:39","guid":{"rendered":"https:\/\/informacionlocal.es\/puerto-del-rosario-rafforza-la-sua-stabilita-finanziaria-con-un-ambizioso-piano-economico-finanziario-2025-2026\/"},"modified":"2025-07-29T01:58:39","modified_gmt":"2025-07-29T00:58:39","slug":"puerto-del-rosario-rafforza-la-sua-stabilita-finanziaria-con-un-ambizioso-piano-economico-finanziario-2025-2026","status":"publish","type":"post","link":"https:\/\/informacionlocal.es\/it\/puerto-del-rosario-rafforza-la-sua-stabilita-finanziaria-con-un-ambizioso-piano-economico-finanziario-2025-2026\/","title":{"rendered":"Puerto del Rosario rafforza la sua stabilit\u00e0 finanziaria con un ambizioso Piano Economico-Finanziario 2025-2026"},"content":{"rendered":"<div class=\"entry-content\">\n<p>Il Consiglio comunale approva un pacchetto di misure responsabili che garantiscono la sostenibilit\u00e0 dei conti pubblici e rafforzano la qualit\u00e0 dei servizi ai cittadini.<\/p>\n<p>Il Consiglio comunale di Puerto del Rosario ha approvato un Piano economico-finanziario completo con orizzonte 2025-2026 che consolider\u00e0 la stabilit\u00e0 di bilancio del Comune e manterr\u00e0 l&#8217;impegno per una gestione economica efficiente, trasparente e incentrata sulle persone.<\/p>\n<p>Il piano, preparato dal Dipartimento dell&#8217;Economia e delle Finanze e corredato dalle relative relazioni tecniche, risponde ai nuovi requisiti del quadro fiscale statale riattivato dopo la temporanea sospensione delle regole di bilancio a causa della pandemia e il puntuale mancato rispetto del principio del deficit dovuto alla differenza tra le entrate riconosciute e quelle realizzate.<\/p>\n<p>Questa tabella di marcia prevede un insieme equilibrato di misure che, senza incidere sui servizi pubblici essenziali o sul ritmo degli investimenti, consentiranno di rispettare tutti gli indicatori di sostenibilit\u00e0 finanziaria richiesti dalla normativa. La relazione d&#8217;intervento fa esplicito riferimento al fatto che le entrate proprie del Comune, derivanti da tasse e tariffe comunali, non sono aumentate negli ultimi cinque anni per compensare l&#8217;inflazione derivante dal costo delle materie prime e dei servizi e quindi dalla spesa strutturale, il che richiede l&#8217;apertura di un dibattito futuro sulla necessit\u00e0 di affrontare la crescita demografica e di conseguenza il costo dei servizi in un&#8217;ottica di responsabilit\u00e0 fiscale. <\/p>\n<p>Il <strong>sindaco, David de Vera, ha<\/strong> sottolineato che &#8220;Puerto del Rosario sta compiendo un passo deciso verso il consolidamento dei suoi conti, dimostrando che un&#8217;amministrazione vicina pu\u00f2 anche essere rigorosa. Abbiamo scelto di agire con anticipo e responsabilit\u00e0, senza bisogno di tagli o sacrifici per i nostri vicini&#8221;.<\/p>\n<p>Il Piano prevede, tra le altre azioni, una revisione tecnica delle voci che non interessano direttamente i cittadini, dichiarando l&#8217;indisponibilit\u00e0 di stanziamenti di bilancio non essenziali la cui esecuzione \u00e8 differita nel tempo, l&#8217;ottimizzazione della spesa corrente e l&#8217;ammodernamento della gestione della raccolta attraverso accordi e convenzioni con altre amministrazioni, nonch\u00e9 l&#8217;adeguamento della tariffa per la gestione dei rifiuti all&#8217;attuale quadro normativo per garantire un sistema di finanziamento equo, sostenibile e trasparente che assicuri la sufficienza delle risorse derivanti dai nuovi requisiti.<\/p>\n<p>Da parte sua, l&#8217;<strong>Assessore alle Finanze, Juan Manuel Verdugo, ha<\/strong> sottolineato che &#8220;non siamo di fronte a un problema, ma piuttosto alla sfida di rafforzare la nostra autonomia finanziaria e il consolidamento fiscale, garantendo al contempo i servizi pubblici essenziali. Questo piano dimostra che possiamo adattarci alla riattivazione delle nuove regole fiscali senza rinunciare allo sviluppo del Comune o ai diritti dei nostri cittadini&#8221;.<\/p>\n<p>Il piano consentir\u00e0 di chiudere il 2025 con una capacit\u00e0 di finanziamento positiva di oltre 599.000 euro e di raggiungere un percorso di bilancio equilibrato e strutturalmente solido entro il 2026, rispettando anche la regola della spesa.<\/p>\n<p>Il Comune ribadisce che questa strategia non implica n\u00e9 tagli n\u00e9 passi indietro, ma piuttosto una gestione proattiva, volta a proteggere il presente e a garantire il futuro di Puerto del Rosario. La priorit\u00e0 continua ad essere il benessere delle famiglie, la promozione di progetti di trasformazione e il rafforzamento dei servizi pubblici. <\/p>\n<\/div>\n","protected":false},"excerpt":{"rendered":"<p>Il Consiglio comunale approva un pacchetto di misure responsabili che garantiscono la sostenibilit\u00e0 dei conti pubblici e rafforzano la qualit\u00e0 dei servizi ai cittadini. Il Consiglio comunale di Puerto del [&hellip;]<\/p>\n","protected":false},"author":1,"featured_media":8614,"comment_status":"open","ping_status":"open","sticky":false,"template":"","format":"standard","meta":{"inline_featured_image":false,"jnews-multi-image_gallery":[],"jnews_single_post":[],"jnews_primary_category":[],"jnews_social_meta":[],"jnews_override_counter":[],"jnews_post_split":[],"footnotes":""},"categories":[295],"tags":[203],"class_list":["post-8618","post","type-post","status-publish","format-standard","has-post-thumbnail","hentry","category-puerto-del-rosario-it","tag-servizi-pubblici"],"jetpack_featured_media_url":"https:\/\/informacionlocal.es\/wp-content\/uploads\/2025\/07\/fachada-titu-plan-finan-ayuntamiento-2.jpg","_links":{"self":[{"href":"https:\/\/informacionlocal.es\/it\/wp-json\/wp\/v2\/posts\/8618","targetHints":{"allow":["GET"]}}],"collection":[{"href":"https:\/\/informacionlocal.es\/it\/wp-json\/wp\/v2\/posts"}],"about":[{"href":"https:\/\/informacionlocal.es\/it\/wp-json\/wp\/v2\/types\/post"}],"author":[{"embeddable":true,"href":"https:\/\/informacionlocal.es\/it\/wp-json\/wp\/v2\/users\/1"}],"replies":[{"embeddable":true,"href":"https:\/\/informacionlocal.es\/it\/wp-json\/wp\/v2\/comments?post=8618"}],"version-history":[{"count":0,"href":"https:\/\/informacionlocal.es\/it\/wp-json\/wp\/v2\/posts\/8618\/revisions"}],"wp:featuredmedia":[{"embeddable":true,"href":"https:\/\/informacionlocal.es\/it\/wp-json\/wp\/v2\/media\/8614"}],"wp:attachment":[{"href":"https:\/\/informacionlocal.es\/it\/wp-json\/wp\/v2\/media?parent=8618"}],"wp:term":[{"taxonomy":"category","embeddable":true,"href":"https:\/\/informacionlocal.es\/it\/wp-json\/wp\/v2\/categories?post=8618"},{"taxonomy":"post_tag","embeddable":true,"href":"https:\/\/informacionlocal.es\/it\/wp-json\/wp\/v2\/tags?post=8618"}],"curies":[{"name":"wp","href":"https:\/\/api.w.org\/{rel}","templated":true}]}}