{"id":8605,"date":"2025-07-29T01:02:16","date_gmt":"2025-07-29T00:02:16","guid":{"rendered":"https:\/\/informacionlocal.es\/puerto-del-rosario-compie-un-passo-deciso-nella-tutela-de-la-cornisa-norte-la-plenaria-respinge-il-pamu-e-approva-la-modifica-del-piano-generale\/"},"modified":"2025-07-29T01:02:16","modified_gmt":"2025-07-29T00:02:16","slug":"puerto-del-rosario-compie-un-passo-deciso-nella-tutela-de-la-cornisa-norte-la-plenaria-respinge-il-pamu-e-approva-la-modifica-del-piano-generale","status":"publish","type":"post","link":"https:\/\/informacionlocal.es\/it\/puerto-del-rosario-compie-un-passo-deciso-nella-tutela-de-la-cornisa-norte-la-plenaria-respinge-il-pamu-e-approva-la-modifica-del-piano-generale\/","title":{"rendered":"Puerto del Rosario compie un passo deciso nella tutela de La Cornisa Norte: la Plenaria respinge il PAMU e approva la modifica del Piano Generale."},"content":{"rendered":"<div class=\"entry-content\">\n<p>Il Consiglio Comunale di Puerto del Rosario ha riaffermato questo luned\u00ec il suo impegno per la protezione del patrimonio e la sicurezza giuridica nello sviluppo urbano, con l&#8217;approvazione di due accordi fondamentali nella sessione plenaria comunale, incentrati sull&#8217;area di <strong>La Cornisa Norte<\/strong>.<\/p>\n<p>Da un lato, la <strong>Modifica Minore del Piano Regolatore Generale (PGOU)<\/strong> \u00e8 stata <strong>inizialmente<\/strong> approvata per ottemperare rigorosamente alla <strong>sentenza della Corte di Giustizia delle Canarie n. 371\/2021<\/strong>, che richiedeva la correzione di un errore tecnico nella scheda urbanistica dell&#8217;unit\u00e0 AD 1.1.4. Questa modifica adegua i parametri di sviluppo urbanistico e la cessione obbligatoria al Comune, in conformit\u00e0 con la sentenza della Corte, senza alterare o ampliare la pianificazione attuale. <\/p>\n<p>Allo stesso tempo, il <strong>Programma d&#8217;Azione per l&#8217;Ambiente Urbano (PAMU)<\/strong> promosso dai proprietari dell&#8217;area \u00e8 stato <strong>respinto<\/strong>, in quanto si \u00e8 constatato che la proposta superava l&#8217;ambito della sentenza e proponeva un nuovo piano di sviluppo urbano, comprendente modifiche alle altezze, all&#8217;edificabilit\u00e0 e alla distribuzione dei lotti, che non corrispondeva all&#8217;oggetto della sentenza del tribunale.<\/p>\n<p>Entrambe le decisioni sono pienamente in linea con il lavoro che il Comune sta portando avanti nel settore del Patrimonio Storico, soprattutto dopo la recente <strong>approvazione iniziale del primo Catalogo Comunale dei Beni Culturali<\/strong>, che comprende 843 elementi di valore architettonico, storico e paesaggistico. Questo catalogo prevedeva gi\u00e0, in modo giustificato, l&#8217;esclusione delle 16 propriet\u00e0 situate a La Cornisa Norte in quanto direttamente interessate dalla sentenza del tribunale. <\/p>\n<p>Come misura di responsabilit\u00e0 istituzionale, la Plenaria ha inoltre approvato la <strong>sospensione cautelativa delle licenze urbanistiche che possono interessare l&#8217;area de La Cornisa<\/strong>, al fine di garantire che non avvengano interventi che possano compromettere il processo di modifica della pianificazione o il contenuto del catalogo in corso di elaborazione.<\/p>\n<p>Il sindaco di Puerto del Rosario, <strong>David de Vera<\/strong>, ha sottolineato che <em>&#8220;con queste decisioni il Comune agisce in modo responsabile, coniugando la tutela del patrimonio con il rigoroso rispetto della normativa urbanistica. Non si tratta solo di rispettare una sentenza, ma di consolidare una visione di citt\u00e0 pi\u00f9 ordinata e rispettosa della sua storia&#8221;.<\/em><\/p>\n<p>L&#8217;assessore al Patrimonio storico, <strong>David de Le\u00f3n<\/strong>, ha ricordato che <em>&#8220;la tutela de La Cornisa Norte \u00e8 una priorit\u00e0 istituzionale. Abbiamo gi\u00e0 dimostrato il nostro impegno per il patrimonio approvando il catalogo comunale e ora stiamo agendo con coerenza per salvaguardare un ambiente unico che fa parte della nostra memoria collettiva&#8221;.<\/em><\/p>\n<p>Da parte sua, l&#8217;assessore all&#8217;Urbanistica, <strong>Ana Hern\u00e1ndez<\/strong>, ha spiegato che <em>&#8220;il PAMU non pu\u00f2 avere successo perch\u00e9 non \u00e8 conforme alle determinazioni della sentenza e non si giustificano le sopravvenute esigenze di interesse generale del Comune che potrebbero motivare una modifica delle determinazioni urbanistiche riflesse nella pianificazione generale, al di l\u00e0 di quelle richieste dal rispetto della sentenza&#8221;.<\/em><\/p>\n<\/div>\n","protected":false},"excerpt":{"rendered":"<p>Il Consiglio Comunale di Puerto del Rosario ha riaffermato questo luned\u00ec il suo impegno per la protezione del patrimonio e la sicurezza giuridica nello sviluppo urbano, con l&#8217;approvazione di due [&hellip;]<\/p>\n","protected":false},"author":1,"featured_media":8602,"comment_status":"open","ping_status":"open","sticky":false,"template":"","format":"standard","meta":{"inline_featured_image":false,"jnews-multi-image_gallery":[],"jnews_single_post":[],"jnews_primary_category":[],"jnews_social_meta":[],"jnews_override_counter":[],"jnews_post_split":[],"footnotes":""},"categories":[295],"tags":[379],"class_list":["post-8605","post","type-post","status-publish","format-standard","has-post-thumbnail","hentry","category-puerto-del-rosario-it","tag-patrimonio-storico"],"jetpack_featured_media_url":"https:\/\/informacionlocal.es\/wp-content\/uploads\/2025\/07\/cornisa-titu-y-concejales.jpg","_links":{"self":[{"href":"https:\/\/informacionlocal.es\/it\/wp-json\/wp\/v2\/posts\/8605","targetHints":{"allow":["GET"]}}],"collection":[{"href":"https:\/\/informacionlocal.es\/it\/wp-json\/wp\/v2\/posts"}],"about":[{"href":"https:\/\/informacionlocal.es\/it\/wp-json\/wp\/v2\/types\/post"}],"author":[{"embeddable":true,"href":"https:\/\/informacionlocal.es\/it\/wp-json\/wp\/v2\/users\/1"}],"replies":[{"embeddable":true,"href":"https:\/\/informacionlocal.es\/it\/wp-json\/wp\/v2\/comments?post=8605"}],"version-history":[{"count":0,"href":"https:\/\/informacionlocal.es\/it\/wp-json\/wp\/v2\/posts\/8605\/revisions"}],"wp:featuredmedia":[{"embeddable":true,"href":"https:\/\/informacionlocal.es\/it\/wp-json\/wp\/v2\/media\/8602"}],"wp:attachment":[{"href":"https:\/\/informacionlocal.es\/it\/wp-json\/wp\/v2\/media?parent=8605"}],"wp:term":[{"taxonomy":"category","embeddable":true,"href":"https:\/\/informacionlocal.es\/it\/wp-json\/wp\/v2\/categories?post=8605"},{"taxonomy":"post_tag","embeddable":true,"href":"https:\/\/informacionlocal.es\/it\/wp-json\/wp\/v2\/tags?post=8605"}],"curies":[{"name":"wp","href":"https:\/\/api.w.org\/{rel}","templated":true}]}}