{"id":8569,"date":"2025-07-28T16:58:31","date_gmt":"2025-07-28T15:58:31","guid":{"rendered":"https:\/\/informacionlocal.es\/il-comune-di-pajara-presenta-i-premi-freestyle-della-37a-edizione-del-campionato-del-mondo-di-windsurf-e-wingfoil\/"},"modified":"2025-07-28T16:58:31","modified_gmt":"2025-07-28T15:58:31","slug":"il-comune-di-pajara-presenta-i-premi-freestyle-della-37a-edizione-del-campionato-del-mondo-di-windsurf-e-wingfoil","status":"publish","type":"post","link":"https:\/\/informacionlocal.es\/it\/il-comune-di-pajara-presenta-i-premi-freestyle-della-37a-edizione-del-campionato-del-mondo-di-windsurf-e-wingfoil\/","title":{"rendered":"Il Comune di P\u00e1jara presenta i premi FreeStyle della 37\u00aa edizione del Campionato del Mondo di Windsurf e Wingfoil"},"content":{"rendered":"<div class=\"entry-content\">\n<p><b><i>Yentel Caers e Sarah-Quita Offringa sono stati incoronati campioni in una competizione che consolida P\u00e1jara come punto di riferimento internazionale nello sport nautico.<\/i><\/b><\/p>\n<p><span>Questa domenica, 27 luglio, il Municipio di P\u00e1jara ha consegnato i premi per la categoria FreeStyle della 37\u00aa edizione del Campionato di Fuerteventura di Windsurf e Wingfoil, tenutosi sulla spiaggia di La Barca, con la partecipazione di sportivi d&#8217;\u00e9lite provenienti da diversi Paesi.  <\/span><\/p>\n<p><span>In una giornata caratterizzata da condizioni meteorologiche ottimali e da un alto livello di competizione, i corridori Yentel Caers e Sarah-Quita Offringa sono stati proclamati campioni del mondo nelle rispettive categorie. Nella categoria maschile, l&#8217;atleta belga \u00e8 stato accompagnato al secondo posto dall&#8217;italiano Jacopo Testa e, al terzo, dal connazionale Steven Van Broeckhoven. <\/span><\/p>\n<p><span>Nella categoria femminile, invece, Sarah-Quita Offringa di Aruba \u00e8 stata accompagnata da Maaike Huvermann dei Paesi Bassi, al secondo posto, e da Lisa Kloster, che ha completato il podio.  <\/span><\/p>\n<p><span>All&#8217;evento hanno partecipato importanti autorit\u00e0 del Municipio di P\u00e1jara e del Consiglio dell&#8217;Isola di Fuerteventura, tra cui l&#8217;Assessore al Turismo, Marlene Figueroa, e l&#8217;Assessore all&#8217;Accessibilit\u00e0, Carmen Alonso. Le autorit\u00e0 erano incaricate di consegnare i premi agli atleti e hanno sottolineato sia la qualit\u00e0 sportiva dell&#8217;evento sia il suo valore strategico per la promozione del comune e dell&#8217;isola.   <\/span><\/p>\n<p><span>L&#8217;assessore al Turismo, Tina Da Silva, ha sottolineato l&#8217;impatto positivo di questo tipo di eventi, che qualificano il Comune &#8220;come destinazione di eccellenza&#8221;. &#8220;Oltre all&#8217;impatto diretto sull&#8217;occupazione degli alberghi e sull&#8217;economia locale, questo campionato genera una proiezione mediatica internazionale che pochi eventi sportivi riescono a raggiungere&#8221;, ha dichiarato.   <\/span><\/p>\n<p><span>L&#8217;Assessore allo Sport, Jos\u00e9 Benito Alonso, ha apprezzato la qualit\u00e0 degli atleti che, nelle sue parole, &#8220;confermano che questo campionato \u00e8 un riferimento mondiale&#8221;. &#8220;Da parte del Concistoro, continueremo a sostenere lo sport professionale e, allo stesso tempo, a incoraggiarne la pratica tra i nostri giovani&#8221;, ha aggiunto.   <\/span><\/p>\n<p><span>Da parte sua, il sindaco di P\u00e1jara, Alejandro Jorge, ha evidenziato la proiezione internazionale data da questo campionato e ha sottolineato che &#8220;riflette il nostro impegno per un modello che unisce sport, turismo e sostenibilit\u00e0&#8221;. &#8220;La spiaggia di Sotavento \u00e8 un&#8217;enclave naturale privilegiata che, grazie alle sue condizioni uniche, ci permette di organizzare competizioni di altissimo livello e di continuare ad attrarre migliaia di visitatori da tutto il mondo&#8221;, ha osservato.  <\/span><\/p>\n<p><span>Il programma sportivo del campionato continuer\u00e0 questa settimana con la celebrazione del Wingfoil, una disciplina in crescita che combina velocit\u00e0, tecnica e destrezza sull&#8217;acqua. L&#8217;Amministrazione comunale continua a rafforzare il suo sostegno agli sport acquatici e consolida la posizione del Comune come sede di eventi sportivi di livello mondiale.   <\/span><\/p>\n<\/div>\n","protected":false},"excerpt":{"rendered":"<p><i>Yentel Caers e Sarah-Quita Offringa sono stati incoronati campioni in una competizione che consolida P\u00e1jara come punto di riferimento internazionale nello sport nautico.<\/i><\/p>\n","protected":false},"author":1,"featured_media":8566,"comment_status":"open","ping_status":"open","sticky":false,"template":"","format":"standard","meta":{"inline_featured_image":false,"jnews-multi-image_gallery":[],"jnews_single_post":[],"jnews_primary_category":[],"jnews_social_meta":[],"jnews_override_counter":[],"jnews_post_split":[],"footnotes":""},"categories":[298],"tags":[308,223,344,226],"class_list":["post-8569","post","type-post","status-publish","format-standard","has-post-thumbnail","hentry","category-pajara-it","tag-eventos-it","tag-fuerteventura-it","tag-sport-it","tag-turismo-it"],"jetpack_featured_media_url":"https:\/\/informacionlocal.es\/wp-content\/uploads\/2025\/07\/whatsapp-image-2025-07-27-at-16-30-33-1-scaled-1.jpeg","_links":{"self":[{"href":"https:\/\/informacionlocal.es\/it\/wp-json\/wp\/v2\/posts\/8569","targetHints":{"allow":["GET"]}}],"collection":[{"href":"https:\/\/informacionlocal.es\/it\/wp-json\/wp\/v2\/posts"}],"about":[{"href":"https:\/\/informacionlocal.es\/it\/wp-json\/wp\/v2\/types\/post"}],"author":[{"embeddable":true,"href":"https:\/\/informacionlocal.es\/it\/wp-json\/wp\/v2\/users\/1"}],"replies":[{"embeddable":true,"href":"https:\/\/informacionlocal.es\/it\/wp-json\/wp\/v2\/comments?post=8569"}],"version-history":[{"count":0,"href":"https:\/\/informacionlocal.es\/it\/wp-json\/wp\/v2\/posts\/8569\/revisions"}],"wp:featuredmedia":[{"embeddable":true,"href":"https:\/\/informacionlocal.es\/it\/wp-json\/wp\/v2\/media\/8566"}],"wp:attachment":[{"href":"https:\/\/informacionlocal.es\/it\/wp-json\/wp\/v2\/media?parent=8569"}],"wp:term":[{"taxonomy":"category","embeddable":true,"href":"https:\/\/informacionlocal.es\/it\/wp-json\/wp\/v2\/categories?post=8569"},{"taxonomy":"post_tag","embeddable":true,"href":"https:\/\/informacionlocal.es\/it\/wp-json\/wp\/v2\/tags?post=8569"}],"curies":[{"name":"wp","href":"https:\/\/api.w.org\/{rel}","templated":true}]}}