{"id":8533,"date":"2025-07-28T11:58:43","date_gmt":"2025-07-28T10:58:43","guid":{"rendered":"https:\/\/informacionlocal.es\/tra-aprile-e-giugno-l892-dei-lavoratori-di-fuerteventura-era-impiegato-nel-settore-dei-servizi\/"},"modified":"2025-07-28T11:58:43","modified_gmt":"2025-07-28T10:58:43","slug":"tra-aprile-e-giugno-l892-dei-lavoratori-di-fuerteventura-era-impiegato-nel-settore-dei-servizi","status":"publish","type":"post","link":"https:\/\/informacionlocal.es\/it\/tra-aprile-e-giugno-l892-dei-lavoratori-di-fuerteventura-era-impiegato-nel-settore-dei-servizi\/","title":{"rendered":"Tra aprile e giugno, l&#8217;89,2% dei lavoratori di Fuerteventura era impiegato nel settore dei servizi."},"content":{"rendered":"<div class=\"entry-content\"><strong>28 luglio 2025<\/strong><\/p>\n<p><em><strong>L&#8217;INE e l&#8217;ISTAC indicano che 52.315 persone lavoravano nel turismo, su un totale di 58.580 occupati sull&#8217;isola.<\/strong><\/em><\/p>\n<p><em><strong>Per comuni: 88,3% della popolazione occupata ad Antigua, 79,7% a Betancuria, 89,7% a La Oliva, 94,4% a P\u00e1jara, 87,9% a Puerto del Rosario e 86,5% a Tuineje.<\/strong><\/em><\/p>\n<p><em><strong>Marlene Figueroa: &#8220;Il turismo non \u00e8 solo un&#8217;altra attivit\u00e0 economica per Fuerteventura, ma la sua forza motrice, il motore che d\u00e0 energia alle altre attivit\u00e0 e sostiene le economie familiari&#8221;.<\/strong><\/em><\/p>\n<p>I dati sulla popolazione occupata, la parte della popolazione attiva che riceve un pagamento per il proprio lavoro, sia esso dipendente o autonomo, a Fuerteventura durante il secondo trimestre del 2025 ribadiscono l&#8217;importanza del settore dei servizi per l&#8217;economia dell&#8217;isola, che riunisce l&#8217;89,2% dei lavoratori. Un&#8217;influenza positiva che raggiunge le aziende, i professionisti e le famiglie con cui tesse una grande rete economica. <\/p>\n<p>L&#8217;assessore al Turismo del Consiglio dell&#8217;isola di Fuerteventura, Marlene Figueroa, spiega che &#8220;il turismo non \u00e8 solo un&#8217;altra attivit\u00e0 economica per Fuerteventura, ma la sua forza motrice, il motore che d\u00e0 energia alle altre attivit\u00e0 e sostiene le economie familiari&#8221;.<\/p>\n<p>Marlene Figueroa spiega ulteriormente l'&#8221;influenza positiva&#8221; del settore dei servizi sul resto dei settori economici di Fuerteventura. Al di l\u00e0 della reception di un hotel o del tavolo di un ristorante, questo settore consuma una moltitudine di beni e servizi che sono in parte prodotti sull&#8217;isola e in tutti i casi sono forniti da lavoratori locali, che a loro volta hanno le loro richieste di beni e servizi. <\/p>\n<p>C\/ Primero de Mayo, 39. 35600 Puerto del Rosario | 928 862300   <\/p>\n<p>&#8220;In relazioni economiche cos\u00ec interconnesse, il fatto che un settore impieghi pi\u00f9 dell&#8217;89% dei lavoratori rende questa attivit\u00e0 un interesse comune da curare&#8221;, afferma.<\/p>\n<p>&#8220;Diversificare l&#8217;economia \u00e8 una decisione strategica e auspicabile, ma deve essere fatta aumentando il peso di altre attivit\u00e0 e non limitando la potenza del motore che traina l&#8217;economia, da quella isolana a quella familiare&#8221;, aggiunge Marlene Figueroa.<\/p>\n<h2>Dati ISTAC e INE aprile-giugno 2025<\/h2>\n<p>L&#8217;Istituto di Statistica delle Canarie (ISTAC) e l&#8217;Istituto Nazionale di Statistica (INE) riportano nei loro dati per il secondo trimestre del 2025 che la popolazione occupata a Fuerteventura era di 58.580 persone. Di questo numero, il settore dei servizi occupava 52.315 persone (89,2% del totale). <\/p>\n<p>Se ci concentriamo sul settore dei servizi, il comune di Puerto del Rosario conta 19.315 lavoratori, La Oliva 11.370 lavoratori, P\u00e1jara 9.945 lavoratori, Tuineje 6.680 lavoratori, Antigua 4.730 lavoratori e Betancuria 275 lavoratori.<\/p>\n<p>Per quanto riguarda i comuni, il settore dei servizi ha rappresentato l&#8217;88,3% della popolazione occupata nel secondo trimestre del 2025 ad Antigua, il 79,7% della popolazione occupata nello stesso periodo a Betancuria, l&#8217;89,7% della popolazione occupata a La Oliva, il 94,4% della popolazione occupata a P\u00e1jara, l&#8217;87,9% della popolazione occupata a Puerto del Rosario e l&#8217;86,5% della popolazione occupata a Tuineje.<\/p>\n<\/div>\n","protected":false},"excerpt":{"rendered":"<p>28 luglio 2025 L&#8217;INE e l&#8217;ISTAC indicano che 52.315 persone lavoravano nel turismo, su un totale di 58.580 occupati sull&#8217;isola. Per comuni: 88,3% della popolazione occupata ad Antigua, 79,7% a [&hellip;]<\/p>\n","protected":false},"author":1,"featured_media":8530,"comment_status":"open","ping_status":"open","sticky":false,"template":"","format":"standard","meta":{"inline_featured_image":false,"jnews-multi-image_gallery":[],"jnews_single_post":[],"jnews_primary_category":[],"jnews_social_meta":[],"jnews_override_counter":[],"jnews_post_split":[],"footnotes":""},"categories":[289],"tags":[202,223],"class_list":["post-8533","post","type-post","status-publish","format-standard","has-post-thumbnail","hentry","category-cabildo-it","tag-comuni","tag-fuerteventura-it"],"jetpack_featured_media_url":"https:\/\/informacionlocal.es\/wp-content\/uploads\/2025\/07\/turismo.jpeg","_links":{"self":[{"href":"https:\/\/informacionlocal.es\/it\/wp-json\/wp\/v2\/posts\/8533","targetHints":{"allow":["GET"]}}],"collection":[{"href":"https:\/\/informacionlocal.es\/it\/wp-json\/wp\/v2\/posts"}],"about":[{"href":"https:\/\/informacionlocal.es\/it\/wp-json\/wp\/v2\/types\/post"}],"author":[{"embeddable":true,"href":"https:\/\/informacionlocal.es\/it\/wp-json\/wp\/v2\/users\/1"}],"replies":[{"embeddable":true,"href":"https:\/\/informacionlocal.es\/it\/wp-json\/wp\/v2\/comments?post=8533"}],"version-history":[{"count":0,"href":"https:\/\/informacionlocal.es\/it\/wp-json\/wp\/v2\/posts\/8533\/revisions"}],"wp:featuredmedia":[{"embeddable":true,"href":"https:\/\/informacionlocal.es\/it\/wp-json\/wp\/v2\/media\/8530"}],"wp:attachment":[{"href":"https:\/\/informacionlocal.es\/it\/wp-json\/wp\/v2\/media?parent=8533"}],"wp:term":[{"taxonomy":"category","embeddable":true,"href":"https:\/\/informacionlocal.es\/it\/wp-json\/wp\/v2\/categories?post=8533"},{"taxonomy":"post_tag","embeddable":true,"href":"https:\/\/informacionlocal.es\/it\/wp-json\/wp\/v2\/tags?post=8533"}],"curies":[{"name":"wp","href":"https:\/\/api.w.org\/{rel}","templated":true}]}}