{"id":8498,"date":"2025-07-25T19:58:22","date_gmt":"2025-07-25T18:58:22","guid":{"rendered":"https:\/\/informacionlocal.es\/il-nuovo-mercato-comunale-rivitalizzera-il-centro-cittadino-e-sosterra-il-commercio-locale-di-puerto-del-rosario\/"},"modified":"2025-07-25T19:58:22","modified_gmt":"2025-07-25T18:58:22","slug":"il-nuovo-mercato-comunale-rivitalizzera-il-centro-cittadino-e-sosterra-il-commercio-locale-di-puerto-del-rosario","status":"publish","type":"post","link":"https:\/\/informacionlocal.es\/it\/il-nuovo-mercato-comunale-rivitalizzera-il-centro-cittadino-e-sosterra-il-commercio-locale-di-puerto-del-rosario\/","title":{"rendered":"Il nuovo Mercato Comunale rivitalizzer\u00e0 il centro cittadino e sosterr\u00e0 il commercio locale di Puerto del Rosario."},"content":{"rendered":"<div class=\"entry-content\">\n<p><strong>Il nuovo gastromarket sar\u00e0 un punto di incontro per residenti e visitatori, dove gastronomia, mare e storia convivono in uno spazio accessibile e moderno.<\/strong><\/p>\n<p>Il Municipio di Puerto del Rosario ha ricevuto ufficialmente i lavori di riabilitazione integrale del Mercato Municipale, un intervento emblematico che prevede il recupero di un edificio storico &#8211; l&#8217;ex primo mattatoio dell&#8217;isola &#8211; per la sua trasformazione in uno spazio moderno e vivace legato all&#8217;identit\u00e0 del capoluogo dell&#8217;isola.<\/p>\n<p>Alla cerimonia di ricevimento hanno partecipato il sindaco del comune, David de Vera, insieme all&#8217;assessore al Commercio, Tacoremi Guti\u00e9rrez, all&#8217;assessore ai Lavori, Ana Hern\u00e1ndez, e all&#8217;assessore ai Contratti, Mar\u00eda Franco.<\/p>\n<p>Il progetto ha comportato un investimento di quasi un milione di euro, interamente finanziato con fondi comunali, e mira a restituire ai cittadini uno spazio pubblico di grande valore simbolico e funzionale, integrando tradizione e modernit\u00e0. Il nuovo mercato collegher\u00e0 lo storico Puerto Cabras con il viale marittimo, proiettando un&#8217;immagine rinnovata e dinamica della capitale. <\/p>\n<p>Il sindaco David de Vera ha sottolineato che <em>&#8220;questa infrastruttura non solo recupera un luogo emblematico, ma d\u00e0 anche impulso allo sviluppo economico locale e all&#8217;attivit\u00e0 del centro urbano. \u00c8 un progetto che unisce passato e presente, guardando al futuro di un Puerto del Rosario pi\u00f9 moderno e collegato alla sua costa&#8221;.<\/em><\/p>\n<p>L&#8217;assessore al Commercio, Tacoremi Guti\u00e9rrez, ha sottolineato che <em>&#8220;il mercato sar\u00e0 una vetrina vivente per la nostra gastronomia, il talento imprenditoriale locale e il commercio locale. Un luogo dove tradizione e creativit\u00e0 coesisteranno per arricchire l&#8217;esperienza di chi ci visita e di chi vive qui&#8221;.<\/em><\/p>\n<p>Il mercato rinnovato avr\u00e0 14 bancarelle al piano terra dedicate ai prodotti locali, promuovendo l&#8217;economia locale, e un piano superiore con un&#8217;attraente area ristorante progettata come gastromercato. Questo spazio \u00e8 concepito come un punto di incontro per residenti e visitatori, rafforzando il tessuto commerciale e il dinamismo sociale del comune. <\/p>\n<p>Da parte sua, l&#8217;assessore ai Lavori, Ana Hern\u00e1ndez, ha spiegato che <em>&#8220;il progetto \u00e8 stato concepito nel rispetto dell&#8217;architettura originale e con criteri di sostenibilit\u00e0 e accessibilit\u00e0, fornendo alla citt\u00e0 uno spazio funzionale e rappresentativo della sua identit\u00e0 storica&#8221;.<\/em><\/p>\n<p>Allo stesso tempo, si sta gi\u00e0 lavorando alla stesura del regolamento interno di funzionamento del mercato, nonch\u00e9 al capitolato d&#8217;appalto per l&#8217;assegnazione delle bancarelle. <em>&#8220;Il nostro obiettivo \u00e8 garantire uno spazio trasparente, accessibile e diversificato, in cui coesistano iniziative consolidate e nuovi imprenditori&#8221;, ha<\/em> aggiunto l&#8217;assessore al Commercio, Tacoremi Guti\u00e9rrez.<\/p>\n<p>Con quest&#8217;opera, il Comune di Puerto del Rosario ribadisce il suo impegno a modernizzare gli spazi pubblici, a promuovere il commercio locale e a costruire un&#8217;economia pi\u00f9 vicina e sostenibile, radicata nell&#8217;identit\u00e0 culturale del municipio.<\/p>\n<\/div>\n","protected":false},"excerpt":{"rendered":"<p>Il nuovo gastromarket sar\u00e0 un punto di incontro per residenti e visitatori, dove gastronomia, mare e storia convivono in uno spazio accessibile e moderno. Il Municipio di Puerto del Rosario [&hellip;]<\/p>\n","protected":false},"author":1,"featured_media":8494,"comment_status":"open","ping_status":"open","sticky":false,"template":"","format":"standard","meta":{"inline_featured_image":false,"jnews-multi-image_gallery":[],"jnews_single_post":[],"jnews_primary_category":[],"jnews_social_meta":[],"jnews_override_counter":[],"jnews_post_split":[],"footnotes":""},"categories":[295],"tags":[],"class_list":["post-8498","post","type-post","status-publish","format-standard","has-post-thumbnail","hentry","category-puerto-del-rosario-it"],"jetpack_featured_media_url":"https:\/\/informacionlocal.es\/wp-content\/uploads\/2025\/07\/mercado-22-visita-1-0725.jpg","_links":{"self":[{"href":"https:\/\/informacionlocal.es\/it\/wp-json\/wp\/v2\/posts\/8498","targetHints":{"allow":["GET"]}}],"collection":[{"href":"https:\/\/informacionlocal.es\/it\/wp-json\/wp\/v2\/posts"}],"about":[{"href":"https:\/\/informacionlocal.es\/it\/wp-json\/wp\/v2\/types\/post"}],"author":[{"embeddable":true,"href":"https:\/\/informacionlocal.es\/it\/wp-json\/wp\/v2\/users\/1"}],"replies":[{"embeddable":true,"href":"https:\/\/informacionlocal.es\/it\/wp-json\/wp\/v2\/comments?post=8498"}],"version-history":[{"count":0,"href":"https:\/\/informacionlocal.es\/it\/wp-json\/wp\/v2\/posts\/8498\/revisions"}],"wp:featuredmedia":[{"embeddable":true,"href":"https:\/\/informacionlocal.es\/it\/wp-json\/wp\/v2\/media\/8494"}],"wp:attachment":[{"href":"https:\/\/informacionlocal.es\/it\/wp-json\/wp\/v2\/media?parent=8498"}],"wp:term":[{"taxonomy":"category","embeddable":true,"href":"https:\/\/informacionlocal.es\/it\/wp-json\/wp\/v2\/categories?post=8498"},{"taxonomy":"post_tag","embeddable":true,"href":"https:\/\/informacionlocal.es\/it\/wp-json\/wp\/v2\/tags?post=8498"}],"curies":[{"name":"wp","href":"https:\/\/api.w.org\/{rel}","templated":true}]}}