{"id":8485,"date":"2025-07-25T18:59:06","date_gmt":"2025-07-25T17:59:06","guid":{"rendered":"https:\/\/informacionlocal.es\/il-municipio-di-pajara-deplora-linanita-e-lirresponsabilita-di-pablo-rodriguez-riguardo-alla-situazione-urbanistica-di-la-lajita\/"},"modified":"2025-07-25T18:59:06","modified_gmt":"2025-07-25T17:59:06","slug":"il-municipio-di-pajara-deplora-linanita-e-lirresponsabilita-di-pablo-rodriguez-riguardo-alla-situazione-urbanistica-di-la-lajita","status":"publish","type":"post","link":"https:\/\/informacionlocal.es\/it\/il-municipio-di-pajara-deplora-linanita-e-lirresponsabilita-di-pablo-rodriguez-riguardo-alla-situazione-urbanistica-di-la-lajita\/","title":{"rendered":"Il Municipio di P\u00e1jara deplora l&#8217;inanit\u00e0 e l&#8217;irresponsabilit\u00e0 di Pablo Rodr\u00edguez riguardo alla situazione urbanistica di La Lajita."},"content":{"rendered":"<div class=\"entry-content\">\n<p><b><i>L&#8217;amministrazione comunale chiede al consigliere di concentrare i suoi sforzi sugli investimenti nel porto di Morro Jable e sulla promozione dei tratti stradali tra questa infrastruttura e il Club Aldiana, nonch\u00e9 da Matas Blancas a Cuchillete.  <\/i><\/b><\/p>\n<p><span>Il Consiglio comunale di P\u00e1jara esprime la sua profonda insoddisfazione per le recenti azioni del Ministro dei Lavori Pubblici, delle Abitazioni e della Mobilit\u00e0 del Governo delle Isole Canarie, Pablo Rodr\u00edguez, in relazione alla situazione urbanistica della citt\u00e0 di La Lajita.  <\/span><\/p>\n<p><span>Il gruppo di governo municipale considera un atto di disattenzione e di irresponsabilit\u00e0 il fatto che l&#8217;assessore abbia tenuto un incontro con i proprietari dei terreni del Piano Parziale La Lajita 2000 senza prima informare o consultare l&#8217;amministrazione locale. Questo gesto \u00e8 sorprendente e dimostra una chiara mancanza di rispetto istituzionale, soprattutto quando il Municipio ha sempre mantenuto una posizione di dialogo aperto e leale con il Governo delle Isole Canarie. <\/span><\/p>\n<p><span>Per questo motivo, il Concistoro definisce questa azione un grave errore, che si allontana dal quadro di collaborazione e lealt\u00e0 istituzionale che dovrebbe prevalere tra le amministrazioni pubbliche. In questo senso, la Corporazione municipale ribadisce che le trattative urbanistiche che riguardano il Comune dovrebbero essere gestite dal Municipio stesso.   <\/span><\/p>\n<p><span>Allo stesso modo, il Consiglio Comunale ritiene che la cosa pi\u00f9 utile e vantaggiosa che il consigliere Pablo Rodr\u00edguez potrebbe fare per questo comune e per Fuerteventura sia promuovere investimenti urgenti e necessari in infrastrutture chiave, come il porto di Morro Jable, che richiede miglioramenti che i residenti locali aspettano da anni. Si chiede anche di accelerare i tratti stradali tra il porto e il Club Aldiana, cos\u00ec come il tratto tra Matas Blancas e El Cuchillete, infrastrutture essenziali per la mobilit\u00e0 e lo sviluppo del sud dell&#8217;isola.   <\/span><\/p>\n<p><span>Infine, il Concistoro ricorda che rimane aperto al dialogo e alla ricerca di accordi per far progredire la costruzione di alloggi nel comune. Questa disponibilit\u00e0 \u00e8 stata ripetutamente comunicata alla disciolta Junta de Compensaci\u00f3n del Plan Parcial La Lajita 2000, i cui ex membri sono stati invitati a tenere incontri con le \u00e9quipe tecniche e legali di entrambe le parti, purch\u00e9 tali incontri si svolgano in qualit\u00e0 di imprenditori privati e non come Junta de Compensaci\u00f3n, entit\u00e0 attualmente priva di legittimit\u00e0.   <\/span><\/p>\n<\/div>\n","protected":false},"excerpt":{"rendered":"<p><i>L&#8217;amministrazione comunale chiede al consigliere di concentrare i suoi sforzi sugli investimenti nel porto di Morro Jable e sulla promozione dei tratti stradali tra questa infrastruttura e il Club Aldiana, nonch\u00e9 da Matas Blancas a Cuchillete.  <\/i><\/p>\n","protected":false},"author":1,"featured_media":8482,"comment_status":"open","ping_status":"open","sticky":false,"template":"","format":"standard","meta":{"inline_featured_image":false,"jnews-multi-image_gallery":[],"jnews_single_post":[],"jnews_primary_category":[],"jnews_social_meta":[],"jnews_override_counter":[],"jnews_post_split":[],"footnotes":""},"categories":[298],"tags":[223],"class_list":["post-8485","post","type-post","status-publish","format-standard","has-post-thumbnail","hentry","category-pajara-it","tag-fuerteventura-it"],"jetpack_featured_media_url":"https:\/\/informacionlocal.es\/wp-content\/uploads\/2025\/07\/junta-de-gobierno-e1753455206595.png","_links":{"self":[{"href":"https:\/\/informacionlocal.es\/it\/wp-json\/wp\/v2\/posts\/8485","targetHints":{"allow":["GET"]}}],"collection":[{"href":"https:\/\/informacionlocal.es\/it\/wp-json\/wp\/v2\/posts"}],"about":[{"href":"https:\/\/informacionlocal.es\/it\/wp-json\/wp\/v2\/types\/post"}],"author":[{"embeddable":true,"href":"https:\/\/informacionlocal.es\/it\/wp-json\/wp\/v2\/users\/1"}],"replies":[{"embeddable":true,"href":"https:\/\/informacionlocal.es\/it\/wp-json\/wp\/v2\/comments?post=8485"}],"version-history":[{"count":0,"href":"https:\/\/informacionlocal.es\/it\/wp-json\/wp\/v2\/posts\/8485\/revisions"}],"wp:featuredmedia":[{"embeddable":true,"href":"https:\/\/informacionlocal.es\/it\/wp-json\/wp\/v2\/media\/8482"}],"wp:attachment":[{"href":"https:\/\/informacionlocal.es\/it\/wp-json\/wp\/v2\/media?parent=8485"}],"wp:term":[{"taxonomy":"category","embeddable":true,"href":"https:\/\/informacionlocal.es\/it\/wp-json\/wp\/v2\/categories?post=8485"},{"taxonomy":"post_tag","embeddable":true,"href":"https:\/\/informacionlocal.es\/it\/wp-json\/wp\/v2\/tags?post=8485"}],"curies":[{"name":"wp","href":"https:\/\/api.w.org\/{rel}","templated":true}]}}