{"id":8475,"date":"2025-07-25T18:00:17","date_gmt":"2025-07-25T17:00:17","guid":{"rendered":"https:\/\/informacionlocal.es\/il-cabildo-annuncia-la-decisione-della-giuria-per-i-premi-distinguished-tourism-2025-che-saranno-consegnati-il-27-settembre\/"},"modified":"2025-07-25T18:00:17","modified_gmt":"2025-07-25T17:00:17","slug":"il-cabildo-annuncia-la-decisione-della-giuria-per-i-premi-distinguished-tourism-2025-che-saranno-consegnati-il-27-settembre","status":"publish","type":"post","link":"https:\/\/informacionlocal.es\/it\/il-cabildo-annuncia-la-decisione-della-giuria-per-i-premi-distinguished-tourism-2025-che-saranno-consegnati-il-27-settembre\/","title":{"rendered":"Il Cabildo annuncia la decisione della giuria per i premi Distinguished Tourism 2025, che saranno consegnati il 27 settembre."},"content":{"rendered":"<div class=\"entry-content\"><strong>25 luglio 2025<\/strong><\/p>\n<p>Il Cabildo di Fuerteventura annuncia la decisione della giuria per i Premi Distinti del Turismo 2025, che saranno consegnati il 27 settembre. I vincitori del premio sono stati proposti da una giuria di professionisti, che si \u00e8 riunita questo mercoled\u00ec, in conformit\u00e0 con il nuovo regolamento dei premi che \u00e8 stato approvato dal Consiglio direttivo dell&#8217;Ente del Turismo il 21 marzo. <\/p>\n<p>I premi Playas de Oro andranno alla cantina Conatvs nella categoria &#8220;Azienda&#8221;, al Grupo Catamar\u00e1n Excursi\u00f3n nella categoria &#8220;Destinazione Blu&#8221; e a Mar\u00eda Alonso del Pino Brito, proprietaria e direttrice del ristorante La Jaula de Oro di Ajuy, nella categoria &#8220;Traiettoria individuale&#8221;. Inoltre, la fedelt\u00e0 ininterrotta di Holger Ziechert a Fuerteventura sar\u00e0 riconosciuta e ricever\u00e0 il premio &#8220;Cliente&#8221; di Playas de Oro. <\/p>\n<p>I vincitori sono stati selezionati dalla giuria professionale tra le proposte pervenute nei tempi e nei modi previsti, mentre i premi saranno consegnati durante il gal\u00e0 dei Distinguished Tourism Awards, che si terr\u00e0 il prossimo settembre.<\/p>\n<p>La presidente del Cabildo, Lola Garc\u00eda, e l&#8217;assessore al Turismo, Marlene Figueroa, sottolineano il valore di questi premi, che riconoscono il lavoro dei professionisti del settore turistico nel rendere Fuerteventura una destinazione con servizi di qualit\u00e0, dando sempre priorit\u00e0 al rispetto dell&#8217;ambiente.<\/p>\n<p>Lola Garc\u00eda e Marlene Figueroa si congratulano con i vincitori del premio, cos\u00ec come con gli altri candidati, definendoli tutti giustamente meritevoli dei riconoscimenti e dimostrando con il loro buon lavoro l&#8217;eccellenza del settore turistico di Fuerteventura.<\/p>\n<p>Le candidature sono state valutate da una giuria di esperti appositamente costituita, che ha riconosciuto il loro impegno e il loro contributo alla promozione e al miglioramento dell&#8217;industria turistica, all&#8217;implementazione di sistemi di qualit\u00e0 turistica e ambientale e al loro impegno nella qualificazione professionale, tra gli altri criteri di valutazione.<\/p>\n<p><strong>Bodegas Conatvs, situata nella citt\u00e0 di Lajares, \u00e8 stata insignita del premio Playas de Oro nella categoria &#8220;Azienda&#8221;,<\/strong> per la sua traiettoria di azienda di riferimento nel turismo interno con identit\u00e0 rurale. \u00c8 la prima cantina di Fuerteventura iscritta alla Denominazione di Origine Protetta delle Isole Canarie che offre una proposta unica attraverso la produzione di vini di alta qualit\u00e0, integrati in un&#8217;esperienza turistica orientata alla conoscenza, alla sostenibilit\u00e0 e alle radici culturali. Conatvs ha ricevuto innumerevoli riconoscimenti come Agrocanarias o il concorso internazionale CINVE.  <\/p>\n<p><strong>Mar\u00eda Alonso del Pino Brito, gestore del ristorante La Jaula de Oro, ha ricevuto il premio Playas de Oro nella categoria &#8220;Carriera individuale&#8221;.<\/strong> Situato nel villaggio costiero di Ajuy, \u00e8 un&#8217;azienda familiare di riconosciuto prestigio. Fondata negli anni Cinquanta del XX secolo, da allora \u00e8 stata un punto di incontro per residenti e visitatori, diventando un punto di riferimento locale. Da ventisette anni, Mar\u00eda del Pino gestisce il ristorante mantenendo la qualit\u00e0, garantendo un&#8217;offerta di ristorazione di qualit\u00e0, vicina e sostenibile attraverso prodotti a chilometro zero.   <\/p>\n<p><strong>Il Gruppo Catamaran Excursion riceve il premio Golden Beaches &#8220;Blue Destination&#8221; in<\/strong> riconoscimento della sua eccezionale traiettoria imprenditoriale, del suo impegno per la sostenibilit\u00e0 marina e del suo prezioso contributo al consolidamento di Fuerteventura come destinazione turistica nautica di riferimento. Dalla sua creazione nel 2013 a Caleta de Fuste, si \u00e8 distinto per il suo approccio innovativo e distintivo, che gli ha permesso di diversificare e arricchire l&#8217;offerta di svago marittimo e sportivo dell&#8217;isola. <\/p>\n<p><strong>Il Premio Spiagge d&#8217;Oro nella categoria &#8216;Cliente&#8217; va al tedesco Holger Ziechert<\/strong>, in riconoscimento della sua fedelt\u00e0 ininterrotta a Fuerteventura per pi\u00f9 di 48 anni insieme alla moglie. Dalla sua prima visita nel 1977, Holger \u00e8 stato a Fuerteventura pi\u00f9 di 150 volte, diventando non solo un visitatore abituale, ma un vero e proprio ambasciatore dell&#8217;isola, contribuendo alla sua promozione internazionale attraverso due libri ispirati alle sue esperienze: &#8220;La mia Fuerteventura allora e ora&#8221; e &#8220;Il mio Aldiana Club Fuerteventura&#8221;. <\/p>\n<\/div>\n","protected":false},"excerpt":{"rendered":"<p>25 luglio 2025 Il Cabildo di Fuerteventura annuncia la decisione della giuria per i Premi Distinti del Turismo 2025, che saranno consegnati il 27 settembre. I vincitori del premio sono [&hellip;]<\/p>\n","protected":false},"author":1,"featured_media":8470,"comment_status":"open","ping_status":"open","sticky":false,"template":"","format":"standard","meta":{"inline_featured_image":false,"jnews-multi-image_gallery":[],"jnews_single_post":[],"jnews_primary_category":[],"jnews_social_meta":[],"jnews_override_counter":[],"jnews_post_split":[],"footnotes":""},"categories":[289],"tags":[223],"class_list":["post-8475","post","type-post","status-publish","format-standard","has-post-thumbnail","hentry","category-cabildo-it","tag-fuerteventura-it"],"jetpack_featured_media_url":"https:\/\/informacionlocal.es\/wp-content\/uploads\/2025\/07\/sdde.jpeg","_links":{"self":[{"href":"https:\/\/informacionlocal.es\/it\/wp-json\/wp\/v2\/posts\/8475","targetHints":{"allow":["GET"]}}],"collection":[{"href":"https:\/\/informacionlocal.es\/it\/wp-json\/wp\/v2\/posts"}],"about":[{"href":"https:\/\/informacionlocal.es\/it\/wp-json\/wp\/v2\/types\/post"}],"author":[{"embeddable":true,"href":"https:\/\/informacionlocal.es\/it\/wp-json\/wp\/v2\/users\/1"}],"replies":[{"embeddable":true,"href":"https:\/\/informacionlocal.es\/it\/wp-json\/wp\/v2\/comments?post=8475"}],"version-history":[{"count":0,"href":"https:\/\/informacionlocal.es\/it\/wp-json\/wp\/v2\/posts\/8475\/revisions"}],"wp:featuredmedia":[{"embeddable":true,"href":"https:\/\/informacionlocal.es\/it\/wp-json\/wp\/v2\/media\/8470"}],"wp:attachment":[{"href":"https:\/\/informacionlocal.es\/it\/wp-json\/wp\/v2\/media?parent=8475"}],"wp:term":[{"taxonomy":"category","embeddable":true,"href":"https:\/\/informacionlocal.es\/it\/wp-json\/wp\/v2\/categories?post=8475"},{"taxonomy":"post_tag","embeddable":true,"href":"https:\/\/informacionlocal.es\/it\/wp-json\/wp\/v2\/tags?post=8475"}],"curies":[{"name":"wp","href":"https:\/\/api.w.org\/{rel}","templated":true}]}}