{"id":8461,"date":"2025-07-25T16:59:07","date_gmt":"2025-07-25T15:59:07","guid":{"rendered":"https:\/\/informacionlocal.es\/il-cabildo-sensibilizza-i-giovani-alla-tutela-della-fauna-selvatica-con-la-liberazione-di-tre-tartarughe-e-due-aquilotti\/"},"modified":"2025-07-25T16:59:07","modified_gmt":"2025-07-25T15:59:07","slug":"il-cabildo-sensibilizza-i-giovani-alla-tutela-della-fauna-selvatica-con-la-liberazione-di-tre-tartarughe-e-due-aquilotti","status":"publish","type":"post","link":"https:\/\/informacionlocal.es\/it\/il-cabildo-sensibilizza-i-giovani-alla-tutela-della-fauna-selvatica-con-la-liberazione-di-tre-tartarughe-e-due-aquilotti\/","title":{"rendered":"Il Cabildo sensibilizza i giovani alla tutela della fauna selvatica con la liberazione di tre tartarughe e due aquilotti"},"content":{"rendered":"<div class=\"entry-content\"><strong>25 luglio 2025<\/strong><\/p>\n<p><em><strong>Gli esemplari sono stati rilasciati in presenza di 120 bambini provenienti da diversi campi estivi.<\/strong><\/em><\/p>\n<p>Il Consiglio dell&#8217;isola di Fuerteventura, attraverso il Dipartimento dell&#8217;Ambiente, ha liberato oggi tre tartarughe di mare<em>(Caretta caretta<\/em>) a Grandes Playas de Corralejo. L&#8217;attivit\u00e0 faceva parte del progetto di educazione ambientale &#8220;De Vuelta a Casa&#8221; del Dipartimento dell&#8217;Ambiente, con la presenza di un gruppo di 60 bambini del campo estivo dell&#8217;associazione culturale DATSIMAAL di Villaverde. <\/p>\n<p>Le tartarughe sono state trovate rispettivamente l&#8217;8 aprile a Morro Jable (P\u00e1jara), l&#8217;11 aprile a Cotillo (La Oliva) e il 18 giugno a Caleta de Fuste (Antigua), e presentavano tutte lesioni dovute all&#8217;impigliamento in rifiuti marini o reti da pesca, una delle principali minacce per questa specie. Le tartarughe vengono ora rilasciate dopo essere state curate e recuperate presso il Centro per il recupero e la conservazione delle tartarughe marine di Morro Jable. <\/p>\n<p>Nell&#8217;ambito del progetto &#8220;Ritorno a casa&#8221;, questa settimana sono stati liberati anche due giovani aquilotti, che sono stati accuditi presso la Stazione Biologica di La Oliva, dipendente dall&#8217;Island Corporation. In questo caso con la presenza di altri 60 bambini del campo estivo del Comune di La Oliva. <\/p>\n<p>Gli aquilotti sono stati trovati il 5 e il 6 luglio, rispettivamente nelle zone di La Lajita e Agua de Bueyes, con segni di esaurimento e disidratazione. Gli uccelli sono stati assistiti e curati presso il centro di recupero della fauna selvatica della Stazione biologica di La Oliva, che dispone di gabbie di volo, ricovero, ambulatorio di primo soccorso e terapia intensiva. Una volta recuperati, sono stati liberati.  <\/p>\n<p>All&#8217;attivit\u00e0 hanno partecipato l&#8217;assessore all&#8217;Ambiente, Carlos Rodr\u00edguez, l&#8217;assessore allo Sport e alla Giovent\u00f9, Gleiber Carre\u00f1o, e altri rappresentanti comunali.<\/p>\n<p>Il consigliere Carlos Rodr\u00edguez ha sottolineato il valore delle attivit\u00e0 che fanno parte del programma &#8220;Conoscere per proteggere&#8221;, in questo caso il progetto &#8220;Back Home&#8221;, che mira a sensibilizzare i bambini delle scuole e il pubblico in generale sulla necessit\u00e0 di proteggere e conservare la fauna a Fuerteventura. In questo senso, ha ringraziato il coordinamento con il Comune di La Oliva e l&#8217;associazione DATSIMAAL, che ha reso possibile la partecipazione dei bambini del comune a questa attivit\u00e0. <\/p>\n<p>Ha inoltre ricordato al pubblico l&#8217;importanza di segnalare al 112 qualsiasi scoperta di fauna selvatica ferita o in pericolo, &#8220;con la collaborazione dei cittadini che \u00e8 fondamentale per poter agire rapidamente ed efficacemente nella protezione della nostra biodiversit\u00e0&#8221;.<\/p>\n<\/div>\n","protected":false},"excerpt":{"rendered":"<p>25 luglio 2025 Gli esemplari sono stati rilasciati in presenza di 120 bambini provenienti da diversi campi estivi. Il Consiglio dell&#8217;isola di Fuerteventura, attraverso il Dipartimento dell&#8217;Ambiente, ha liberato oggi [&hellip;]<\/p>\n","protected":false},"author":1,"featured_media":8458,"comment_status":"open","ping_status":"open","sticky":false,"template":"","format":"standard","meta":{"inline_featured_image":false,"jnews-multi-image_gallery":[],"jnews_single_post":[],"jnews_primary_category":[],"jnews_social_meta":[],"jnews_override_counter":[],"jnews_post_split":[],"footnotes":""},"categories":[289],"tags":[205,309,223],"class_list":["post-8461","post","type-post","status-publish","format-standard","has-post-thumbnail","hentry","category-cabildo-it","tag-ambiente","tag-educacion-it","tag-fuerteventura-it"],"jetpack_featured_media_url":"https:\/\/informacionlocal.es\/wp-content\/uploads\/2025\/07\/grgr.jpeg","_links":{"self":[{"href":"https:\/\/informacionlocal.es\/it\/wp-json\/wp\/v2\/posts\/8461","targetHints":{"allow":["GET"]}}],"collection":[{"href":"https:\/\/informacionlocal.es\/it\/wp-json\/wp\/v2\/posts"}],"about":[{"href":"https:\/\/informacionlocal.es\/it\/wp-json\/wp\/v2\/types\/post"}],"author":[{"embeddable":true,"href":"https:\/\/informacionlocal.es\/it\/wp-json\/wp\/v2\/users\/1"}],"replies":[{"embeddable":true,"href":"https:\/\/informacionlocal.es\/it\/wp-json\/wp\/v2\/comments?post=8461"}],"version-history":[{"count":0,"href":"https:\/\/informacionlocal.es\/it\/wp-json\/wp\/v2\/posts\/8461\/revisions"}],"wp:featuredmedia":[{"embeddable":true,"href":"https:\/\/informacionlocal.es\/it\/wp-json\/wp\/v2\/media\/8458"}],"wp:attachment":[{"href":"https:\/\/informacionlocal.es\/it\/wp-json\/wp\/v2\/media?parent=8461"}],"wp:term":[{"taxonomy":"category","embeddable":true,"href":"https:\/\/informacionlocal.es\/it\/wp-json\/wp\/v2\/categories?post=8461"},{"taxonomy":"post_tag","embeddable":true,"href":"https:\/\/informacionlocal.es\/it\/wp-json\/wp\/v2\/tags?post=8461"}],"curies":[{"name":"wp","href":"https:\/\/api.w.org\/{rel}","templated":true}]}}