{"id":8449,"date":"2025-07-25T16:01:10","date_gmt":"2025-07-25T15:01:10","guid":{"rendered":"https:\/\/informacionlocal.es\/il-cabildo-chiede-al-governo-delle-canarie-di-adattare-il-piano-di-recupero-dellotarda-di-houbara-alla-realta-di-maiorca\/"},"modified":"2025-07-25T16:01:10","modified_gmt":"2025-07-25T15:01:10","slug":"il-cabildo-chiede-al-governo-delle-canarie-di-adattare-il-piano-di-recupero-dellotarda-di-houbara-alla-realta-di-maiorca","status":"publish","type":"post","link":"https:\/\/informacionlocal.es\/it\/il-cabildo-chiede-al-governo-delle-canarie-di-adattare-il-piano-di-recupero-dellotarda-di-houbara-alla-realta-di-maiorca\/","title":{"rendered":"Il Cabildo chiede al Governo delle Canarie di adattare il piano di recupero dell&#8217;otarda di Houbara alla realt\u00e0 di Maiorca."},"content":{"rendered":"<div class=\"entry-content\"><strong>25 luglio 2025<\/strong><\/p>\n<p><em><strong>La societ\u00e0 isolana ha chiesto al Ministero regionale della Transizione ecologica di &#8220;perfezionare&#8221; questi studi, tenendo conto delle condizioni di Fuerteventura come territorio limitato.<\/strong><\/em><\/p>\n<p>Il Consiglio dell&#8217;isola di Fuerteventura ha tenuto un incontro con il Governo delle Isole Canarie per analizzare la zonizzazione proposta dal Piano di Recupero dell&#8217;Otarda delle Canarie<em>(Chlamydotis undulata fuertaventurae<\/em>), promosso dal Dipartimento di Transizione Ecologica ed Energia del Governo Regionale.<\/p>\n<p>A questa riunione di lavoro, richiesta dalla Corporazione insulare, hanno partecipato la Presidente del Cabildo, Lola Garc\u00eda, l&#8217;Assessore alla Pianificazione territoriale, Nereida Calero, nonch\u00e9 il team del Servizio di Pianificazione e il suo Direttore insulare. A nome del Governo delle Isole Canarie, erano presenti il direttore generale degli Spazi naturali e della Biodiversit\u00e0, Miguel \u00c1ngel Morcuende, nonch\u00e9 il capo servizio e il personale tecnico. <\/p>\n<p>Il Cabildo ha richiesto questa riunione di lavoro per chiedere al Governo delle Canarie di &#8220;affinare&#8221; gli studi e delimitare in dettaglio le aree in cui esiste la possibilit\u00e0 di sviluppo dell&#8217;otarda. In un territorio limitato come quello di Fuerteventura, \u00e8 importante rendere la protezione compatibile con l&#8217;uso e il godimento del territorio da parte della popolazione dell&#8217;isola, dal momento che, come ha avvertito il Dipartimento di Pianificazione Regionale attraverso delle accuse, questa zonizzazione potrebbe essere introdotta negli insediamenti rurali e nelle aree di costruzione disperse, e influenzerebbe anche lo svolgimento di eventi sportivi. <\/p>\n<p>Dopo l&#8217;incontro, sia il presidente del Cabildo che il consigliere dell&#8217;isola hanno ottenuto l&#8217;impegno del Governo delle Canarie a studiare le accuse presentate dal Servizio di Pianificazione della Corporazione insulare, per verificare in che misura sia possibile rendere queste aree compatibili con i diversi usi del suolo, sempre con attenzione e rispetto per l&#8217;ambiente, in equilibrio con l&#8217;uso e il godimento del nostro territorio.<\/p>\n<\/div>\n","protected":false},"excerpt":{"rendered":"<p>25 luglio 2025 La societ\u00e0 isolana ha chiesto al Ministero regionale della Transizione ecologica di &#8220;perfezionare&#8221; questi studi, tenendo conto delle condizioni di Fuerteventura come territorio limitato. Il Consiglio dell&#8217;isola [&hellip;]<\/p>\n","protected":false},"author":1,"featured_media":8446,"comment_status":"open","ping_status":"open","sticky":false,"template":"","format":"standard","meta":{"inline_featured_image":false,"jnews-multi-image_gallery":[],"jnews_single_post":[],"jnews_primary_category":[],"jnews_social_meta":[],"jnews_override_counter":[],"jnews_post_split":[],"footnotes":""},"categories":[289],"tags":[223],"class_list":["post-8449","post","type-post","status-publish","format-standard","has-post-thumbnail","hentry","category-cabildo-it","tag-fuerteventura-it"],"jetpack_featured_media_url":"https:\/\/informacionlocal.es\/wp-content\/uploads\/2025\/07\/reunic3b3n-director-general.jpeg","_links":{"self":[{"href":"https:\/\/informacionlocal.es\/it\/wp-json\/wp\/v2\/posts\/8449","targetHints":{"allow":["GET"]}}],"collection":[{"href":"https:\/\/informacionlocal.es\/it\/wp-json\/wp\/v2\/posts"}],"about":[{"href":"https:\/\/informacionlocal.es\/it\/wp-json\/wp\/v2\/types\/post"}],"author":[{"embeddable":true,"href":"https:\/\/informacionlocal.es\/it\/wp-json\/wp\/v2\/users\/1"}],"replies":[{"embeddable":true,"href":"https:\/\/informacionlocal.es\/it\/wp-json\/wp\/v2\/comments?post=8449"}],"version-history":[{"count":0,"href":"https:\/\/informacionlocal.es\/it\/wp-json\/wp\/v2\/posts\/8449\/revisions"}],"wp:featuredmedia":[{"embeddable":true,"href":"https:\/\/informacionlocal.es\/it\/wp-json\/wp\/v2\/media\/8446"}],"wp:attachment":[{"href":"https:\/\/informacionlocal.es\/it\/wp-json\/wp\/v2\/media?parent=8449"}],"wp:term":[{"taxonomy":"category","embeddable":true,"href":"https:\/\/informacionlocal.es\/it\/wp-json\/wp\/v2\/categories?post=8449"},{"taxonomy":"post_tag","embeddable":true,"href":"https:\/\/informacionlocal.es\/it\/wp-json\/wp\/v2\/tags?post=8449"}],"curies":[{"name":"wp","href":"https:\/\/api.w.org\/{rel}","templated":true}]}}