{"id":8427,"date":"2025-07-25T13:59:40","date_gmt":"2025-07-25T12:59:40","guid":{"rendered":"https:\/\/informacionlocal.es\/approvato-un-emendamento-al-bilancio-di-22-milioni-di-euro-per-le-azioni-di-assistenza-abitativa-e-personale\/"},"modified":"2025-07-25T13:59:40","modified_gmt":"2025-07-25T12:59:40","slug":"approvato-un-emendamento-al-bilancio-di-22-milioni-di-euro-per-le-azioni-di-assistenza-abitativa-e-personale","status":"publish","type":"post","link":"https:\/\/informacionlocal.es\/it\/approvato-un-emendamento-al-bilancio-di-22-milioni-di-euro-per-le-azioni-di-assistenza-abitativa-e-personale\/","title":{"rendered":"Approvato un emendamento al bilancio di 2,2 milioni di euro per le azioni di assistenza abitativa e personale"},"content":{"rendered":"<div class=\"entry-content\"><strong>25 luglio 2025<\/strong><\/p>\n<p><strong>Approvato un emendamento al bilancio di 2,2 milioni di euro per le azioni di assistenza abitativa e personale<\/strong><\/p>\n<p><em><strong>La sessione plenaria del Cabildo autorizza parte dei finanziamenti per il progetto di riabilitazione delle abitazioni di Cotillo, nonch\u00e9 per la gestione e il miglioramento delle risorse socio-sanitarie.<\/strong><\/em><strong>V<\/strong><\/p>\n<p>La sessione plenaria del Cabildo ha approvato all&#8217;unanimit\u00e0 una modifica del bilancio di oltre 2,2 milioni di euro per sostenere le azioni nel campo degli alloggi, dell&#8217;azione sociale e dell&#8217;assistenza alle persone a Fuerteventura.<\/p>\n<p>In questo modo, la Corporazione insulare ha autorizzato il finanziamento che fornisce per le annualit\u00e0 2024 e 2025 del progetto &#8220;Ambiente residenziale di riabilitazione programmata&#8221; a El Cotillo (comune di La Oliva).<\/p>\n<p>La presidente dell&#8217;isola Lola Garc\u00eda ha sottolineato &#8220;il fermo impegno del Cabildo di Fuerteventura nei confronti dell&#8217;edilizia abitativa, cos\u00ec come il suo impegno per un modello di sviluppo sostenibile che dia priorit\u00e0 al recupero di abitazioni, invece di consumare altro suolo&#8221;.<\/p>\n<p>L&#8217;assessore alle Finanze e alla Promozione economica, Nuria Cabrera, ha spiegato che il progetto ERRP di El Cotillo riceve 1,1 milioni di euro dal Cabildo in tre rate annuali, con gli importi corrispondenti al 2024 e al 2025, per un totale di 752.115,30 euro, approvati in questa sessione plenaria.<\/p>\n<p>Si prevede di approvare la terza rata annuale (2026) nella prossima sessione plenaria della Corporazione insulare. Il progetto \u00e8 finalizzato alla riabilitazione di circa 138 abitazioni, nell&#8217;ambito di un accordo firmato tra il Cabildo di Fuerteventura, il Comune di La Oliva, il Governo delle Isole Canarie e lo Stato, nel quadro del Piano di Trasformazione Recupero e Resilienza, finanziato dall&#8217;Unione Europea NextGeneration EU nella comunit\u00e0 autonoma delle Isole Canarie. <\/p>\n<p>L&#8217;Assessore all&#8217;Azione Sociale, V\u00edctor Alonso, ha apprezzato il coinvolgimento delle diverse amministrazioni attraverso diversi piani, che permettono di coprire le azioni abitative, sia di recupero che di costruzione, sull&#8217;isola di Fuerteventura.<\/p>\n<p>La modifica dei crediti approvata consente inoltre di destinare pi\u00f9 di un milione di euro alla gestione delle risorse sociali e sanitarie e al miglioramento e alla ristrutturazione di centri di propriet\u00e0 del Cabildo, come il Centro sociale e sanitario Josefina Pl\u00e1 per persone in situazione di dipendenza. Come spiegato da V\u00edctor Alonso, \u00e8 anche finalizzato a sostenere programmi di benessere e salute per la popolazione, come NeuroMajo2025, cos\u00ec come il programma di accoglienza e integrazione dei giovani della Fundaci\u00f3n Canaria Main e il sostegno all&#8217;Incontro regionale dei Comuni insulari promotori di salute, organizzato dal Comune di La Oliva, che fa parte della Strategia per la promozione della salute e la prevenzione nel Sistema Sanitario Nazionale (SNS) di cui il Cabildo di Fuerteventura \u00e8 firmatario. \u00c8 stato inoltre approvato un finanziamento per sostenere il progetto &#8220;Hig\u00eda, Robot Social&#8221; del CIFP Majada Marcial, che mira a migliorare la qualit\u00e0 della vita delle persone anziane o non autosufficienti attraverso la creazione di robot sociali con tecnologia di interazione.  <\/p>\n<p>Nelle aree del Commercio e dell&#8217;Artigianato, dirette da Lolina Negr\u00edn, vengono coperti i settori del  <a>Compro a Fuerteventura&#8221; del Consiglio dell&#8217;Isola di Fuerteventura, in collaborazione con la Federazione delle Aree Urbane delle Isole Canarie (FAUCA). Prosegue anche il progetto EnRedarte, che prevede laboratori per il recupero e la diffusione dell&#8217;artigianato a Fuerteventura, oltre ad azioni di promozione del settore artigianale di Fuerteventura. <\/a><\/p>\n<p><strong>Valutazione ambientale<\/strong><\/p>\n<p>La Plenaria ha inoltre dato il via libera all&#8217;accordo di collaborazione tra il Cabildo e il Comune di P\u00e1jara per la delega di competenze in materia di valutazione ambientale di progetti promossi da iniziative pubbliche o private su terreni situati nel territorio comunale. L&#8217;accordo \u00e8 stato firmato su richiesta del Comune di P\u00e1jara ed \u00e8 stato approvato all&#8217;unanimit\u00e0. <\/p>\n<\/div>\n","protected":false},"excerpt":{"rendered":"<p>25 luglio 2025 Approvato un emendamento al bilancio di 2,2 milioni di euro per le azioni di assistenza abitativa e personale La sessione plenaria del Cabildo autorizza parte dei finanziamenti [&hellip;]<\/p>\n","protected":false},"author":1,"featured_media":8422,"comment_status":"open","ping_status":"open","sticky":false,"template":"","format":"standard","meta":{"inline_featured_image":false,"jnews-multi-image_gallery":[],"jnews_single_post":[],"jnews_primary_category":[],"jnews_social_meta":[],"jnews_override_counter":[],"jnews_post_split":[],"footnotes":""},"categories":[289],"tags":[202,223,220,325],"class_list":["post-8427","post","type-post","status-publish","format-standard","has-post-thumbnail","hentry","category-cabildo-it","tag-comuni","tag-fuerteventura-it","tag-integrazione","tag-residenza"],"jetpack_featured_media_url":"https:\/\/informacionlocal.es\/wp-content\/uploads\/2025\/07\/trehtjht.jpeg","_links":{"self":[{"href":"https:\/\/informacionlocal.es\/it\/wp-json\/wp\/v2\/posts\/8427","targetHints":{"allow":["GET"]}}],"collection":[{"href":"https:\/\/informacionlocal.es\/it\/wp-json\/wp\/v2\/posts"}],"about":[{"href":"https:\/\/informacionlocal.es\/it\/wp-json\/wp\/v2\/types\/post"}],"author":[{"embeddable":true,"href":"https:\/\/informacionlocal.es\/it\/wp-json\/wp\/v2\/users\/1"}],"replies":[{"embeddable":true,"href":"https:\/\/informacionlocal.es\/it\/wp-json\/wp\/v2\/comments?post=8427"}],"version-history":[{"count":0,"href":"https:\/\/informacionlocal.es\/it\/wp-json\/wp\/v2\/posts\/8427\/revisions"}],"wp:featuredmedia":[{"embeddable":true,"href":"https:\/\/informacionlocal.es\/it\/wp-json\/wp\/v2\/media\/8422"}],"wp:attachment":[{"href":"https:\/\/informacionlocal.es\/it\/wp-json\/wp\/v2\/media?parent=8427"}],"wp:term":[{"taxonomy":"category","embeddable":true,"href":"https:\/\/informacionlocal.es\/it\/wp-json\/wp\/v2\/categories?post=8427"},{"taxonomy":"post_tag","embeddable":true,"href":"https:\/\/informacionlocal.es\/it\/wp-json\/wp\/v2\/tags?post=8427"}],"curies":[{"name":"wp","href":"https:\/\/api.w.org\/{rel}","templated":true}]}}