{"id":8365,"date":"2025-07-24T19:02:10","date_gmt":"2025-07-24T18:02:10","guid":{"rendered":"https:\/\/informacionlocal.es\/fuerteventura-ha-un-piano-isolano-per-laccessibilita\/"},"modified":"2025-07-24T19:02:10","modified_gmt":"2025-07-24T18:02:10","slug":"fuerteventura-ha-un-piano-isolano-per-laccessibilita","status":"publish","type":"post","link":"https:\/\/informacionlocal.es\/it\/fuerteventura-ha-un-piano-isolano-per-laccessibilita\/","title":{"rendered":"Fuerteventura ha un piano isolano per l&#8217;accessibilit\u00e0"},"content":{"rendered":"<div class=\"entry-content\"><strong>24 luglio 2025<\/strong><\/p>\n<p><em><strong>Il Dipartimento per l&#8217;Accessibilit\u00e0 porta a termine la stesura del documento, che comprende quasi quaranta misure specifiche per migliorare l&#8217;inclusione, l&#8217;accesso ai servizi e alle infrastrutture e risorse dell&#8217;isola.<\/strong><\/em><\/p>\n<p>Il Cabildo ha presentato oggi il Piano di Accessibilit\u00e0 di Fuerteventura, un documento strategico il cui obiettivo \u00e8 quello di rendere gradualmente accessibili gli ambienti e i servizi esistenti sull&#8217;isola, in modo che tutti possano utilizzarli in modo comodo, libero, sicuro e indipendente. Il piano \u00e8 stato presentato oggi dalla presidente dell&#8217;isola, Lola Garc\u00eda, e dall&#8217;assessore all&#8217;Accessibilit\u00e0, Carmen Alonso, accompagnate dal team di redazione, presso il Centro Insular de Juventud (Puerto del Rosario). <\/p>\n<p>Erano presenti anche i consiglieri della zona di Tuineje, Pedro Rodr\u00edguez, e di Antigua, Giuseppe Signorino, altri rappresentanti comunali e consiglieri della corporazione dell&#8217;isola, nonch\u00e9 associazioni nel campo dell&#8217;accessibilit\u00e0 e altri gruppi.<\/p>\n<p>Il Piano di Accessibilit\u00e0 di Fuerteventura \u00e8 stato redatto con la partecipazione di consigli locali, cittadini, gruppi sociali, rappresentanti dei settori professionali dell&#8217;accessibilit\u00e0, dei trasporti e delle imprese, tra gli altri. &#8220;Come risultato di questo lavoro collettivo, sono state identificate le barriere affrontate dalle persone che vivono a Fuerteventura e sono state stabilite una serie di proposte concrete per trasformare la realt\u00e0 della nostra isola&#8221;, ha dichiarato Lola Garc\u00eda. &#8220;Vogliamo che tutti possano camminare per le nostre strade, accedere agli edifici pubblici, usufruire dei mezzi di trasporto, assistere a uno spettacolo, partecipare a un&#8217;attivit\u00e0 sportiva o culturale, esplorare i nostri sentieri e le nostre spiagge o semplicemente muoversi in libert\u00e0 e sicurezza. Questo \u00e8 l&#8217;obiettivo del progetto.  <\/p>\n<p>L&#8217;assessore all&#8217;Accessibilit\u00e0, Carmen Alonso, ha sottolineato che dall&#8217;inizio di quest&#8217;anno si sono tenute tavole rotonde settoriali e consultazioni con i cittadini. &#8220;Abbiamo raccolto tutte queste preziose informazioni e abbiamo stabilito quasi quaranta misure da intraprendere a breve, lungo e medio termine, in diverse aree per migliorare l&#8217;inclusione, l&#8217;accesso ai servizi, alle infrastrutture e alle risorse dell&#8217;isola&#8221;. <\/p>\n<p>Secondo i dati dell&#8217;Istituto di Statistica delle Canarie (ISTAC) del 2022, a Fuerteventura ci sono pi\u00f9 di 7.000 persone con qualche limitazione che rende loro difficile svolgere le attivit\u00e0 quotidiane. Ci\u00f2 rappresenta il 6,17% della popolazione totale residente sull&#8217;isola. <\/p>\n<p>Il Piano di Accessibilit\u00e0 di Fuerteventura stabilisce quasi quaranta proposte specifiche per migliorare l&#8217;accessibilit\u00e0 universale per queste persone negli edifici e negli spazi pubblici, cos\u00ec come nelle aree dei trasporti, della comunicazione, della partecipazione dei cittadini, dell&#8217;ambiente, del turismo, della cultura e dello sport, oltre ad altre azioni trasversali.<\/p>\n<p><strong>Misure<\/strong><\/p>\n<p>Ra\u00fal Falc\u00f3n, del team di redazione del piano, ha spiegato che il documento ha un orizzonte temporale di dieci anni. Tra i suoi obiettivi pi\u00f9 importanti, stabilisce lo sviluppo di un piano di miglioramento da attuare in almeno il 70% degli edifici pubblici, una diagnosi dell&#8217;accessibilit\u00e0 delle infrastrutture di trasporto e un migliore accesso alle informazioni sui siti web e sui servizi del Cabildo. Il piano prevede anche la promozione del turismo accessibile e l&#8217;aumento del 35% della partecipazione di persone con diversit\u00e0 funzionali alle attivit\u00e0 culturali e sportive. Cerca anche di effettuare una diagnosi dell&#8217;accessibilit\u00e0 universale e della segnaletica nelle aree naturali di Fuerteventura e di aumentare la partecipazione attiva delle persone con diversit\u00e0 funzionale nei processi di consultazione e di decisione nell&#8217;ambito della partecipazione dei cittadini, oltre a molte altre misure. Tutto questo, promuovendo un lavoro coordinato tra il Consiglio dell&#8217;isola di Fuerteventura e i consigli locali, oltre a potenziare le campagne di sensibilizzazione sull&#8217;isola.    <\/p>\n<\/div>\n","protected":false},"excerpt":{"rendered":"<p>24 luglio 2025 Il Dipartimento per l&#8217;Accessibilit\u00e0 porta a termine la stesura del documento, che comprende quasi quaranta misure specifiche per migliorare l&#8217;inclusione, l&#8217;accesso ai servizi e alle infrastrutture e [&hellip;]<\/p>\n","protected":false},"author":1,"featured_media":8362,"comment_status":"open","ping_status":"open","sticky":false,"template":"","format":"standard","meta":{"inline_featured_image":false,"jnews-multi-image_gallery":[],"jnews_single_post":[],"jnews_primary_category":[],"jnews_social_meta":[],"jnews_override_counter":[],"jnews_post_split":[],"footnotes":""},"categories":[289],"tags":[376,223],"class_list":["post-8365","post","type-post","status-publish","format-standard","has-post-thumbnail","hentry","category-cabildo-it","tag-accessibilita","tag-fuerteventura-it"],"jetpack_featured_media_url":"https:\/\/informacionlocal.es\/wp-content\/uploads\/2025\/07\/efe.jpeg","_links":{"self":[{"href":"https:\/\/informacionlocal.es\/it\/wp-json\/wp\/v2\/posts\/8365","targetHints":{"allow":["GET"]}}],"collection":[{"href":"https:\/\/informacionlocal.es\/it\/wp-json\/wp\/v2\/posts"}],"about":[{"href":"https:\/\/informacionlocal.es\/it\/wp-json\/wp\/v2\/types\/post"}],"author":[{"embeddable":true,"href":"https:\/\/informacionlocal.es\/it\/wp-json\/wp\/v2\/users\/1"}],"replies":[{"embeddable":true,"href":"https:\/\/informacionlocal.es\/it\/wp-json\/wp\/v2\/comments?post=8365"}],"version-history":[{"count":0,"href":"https:\/\/informacionlocal.es\/it\/wp-json\/wp\/v2\/posts\/8365\/revisions"}],"wp:featuredmedia":[{"embeddable":true,"href":"https:\/\/informacionlocal.es\/it\/wp-json\/wp\/v2\/media\/8362"}],"wp:attachment":[{"href":"https:\/\/informacionlocal.es\/it\/wp-json\/wp\/v2\/media?parent=8365"}],"wp:term":[{"taxonomy":"category","embeddable":true,"href":"https:\/\/informacionlocal.es\/it\/wp-json\/wp\/v2\/categories?post=8365"},{"taxonomy":"post_tag","embeddable":true,"href":"https:\/\/informacionlocal.es\/it\/wp-json\/wp\/v2\/tags?post=8365"}],"curies":[{"name":"wp","href":"https:\/\/api.w.org\/{rel}","templated":true}]}}