{"id":8353,"date":"2025-07-24T18:01:59","date_gmt":"2025-07-24T17:01:59","guid":{"rendered":"https:\/\/informacionlocal.es\/antigua-presenta-lequipaggiamento-e-i-trofei-della-iii-ocr-danger-extreme-caleta-de-fuste\/"},"modified":"2025-07-24T18:01:59","modified_gmt":"2025-07-24T17:01:59","slug":"antigua-presenta-lequipaggiamento-e-i-trofei-della-iii-ocr-danger-extreme-caleta-de-fuste","status":"publish","type":"post","link":"https:\/\/informacionlocal.es\/it\/antigua-presenta-lequipaggiamento-e-i-trofei-della-iii-ocr-danger-extreme-caleta-de-fuste\/","title":{"rendered":"Antigua presenta l&#8217;equipaggiamento e i trofei della III OCR Danger Extreme Caleta de Fuste"},"content":{"rendered":"<div class=\"elementor-widget-container\">\n<p><strong>Antigua presenta l&#8217;equipaggiamento e i trofei della III OCR Danger Extreme Caleta de Fuste<\/strong><\/p>\n<p><strong>&#8211; Questo sabato alle ore 9:00 partiranno gli sportivi pi\u00f9 audaci di tutte le isole, capaci di spingere la loro resistenza fisica e mentale a limiti insospettabili.<\/strong><br \/><strong>&#8211; I partecipanti a Danger Extreme Caleta de Fuste dovranno superare un percorso a ostacoli di sette chilometri, alcuni dei quali in acqua.  <\/strong><br \/><strong>&#8211; La III OCR Danger Extreme si svolge sulla spiaggia di El Castillo e vale per la OCR Canaria League.<\/strong><\/p>\n<p>Questo gioved\u00ec mattina, presso il Municipio di Antigua, il sindaco Mat\u00edas Pe\u00f1a, l&#8217;assessore allo Sport Samuel Torres e i rappresentanti di M\u00e1s Eventos, organizzatori dell&#8217;OCR Danger Extreme di Caleta de Fuste, Romina Gonz\u00e1lez e Hamir Alonso, hanno presentato la maglietta che i partecipanti indosseranno in uno degli eventi sportivi pi\u00f9 impegnativi e attraenti, in quanto si svolge sulla spiaggia di El Castillo e include in acqua alcuni degli oltre 35 ostacoli da superare su un percorso di 7 chilometri.<\/p>\n<p>Caleta de Fuste ospita per il terzo anno consecutivo questo eccezionale evento sportivo, che vale per la Lega OCR delle Canarie, dice il sindaco, ponendo ancora una volta al centro dell&#8217;attenzione degli sportivi la citt\u00e0 e il comune, e aggiunge che sar\u00e0 anche uno spettacolo per le centinaia di tifosi e famiglie che parteciperanno all&#8217;evento.<\/p>\n<p>La terza edizione dell&#8217;OCR Danger Extreme consente la partecipazione alle categorie pre-elite, elite e popolare, afferma l&#8217;assessore Samuel Torres, uno spettacolo sportivo che ci vede fermamente impegnati insieme alla societ\u00e0 sportiva M\u00e1s Eventos.<\/p>\n<\/p>\n<\/div>\n","protected":false},"excerpt":{"rendered":"<p><strong>Antigua presenta l&#8217;equipaggiamento e i trofei della III OCR Danger Extreme Caleta de Fuste<\/strong><\/p>\n","protected":false},"author":1,"featured_media":8350,"comment_status":"open","ping_status":"open","sticky":false,"template":"","format":"standard","meta":{"inline_featured_image":false,"jnews-multi-image_gallery":[],"jnews_single_post":[],"jnews_primary_category":[],"jnews_social_meta":[],"jnews_override_counter":[],"jnews_post_split":[],"footnotes":""},"categories":[282],"tags":[308],"class_list":["post-8353","post","type-post","status-publish","format-standard","has-post-thumbnail","hentry","category-antigua-it","tag-eventos-it"],"jetpack_featured_media_url":"https:\/\/informacionlocal.es\/wp-content\/uploads\/2025\/07\/imagen-de-whatsapp-2025-07-24-a-las-10-54-22_e2b3767e.jpg","_links":{"self":[{"href":"https:\/\/informacionlocal.es\/it\/wp-json\/wp\/v2\/posts\/8353","targetHints":{"allow":["GET"]}}],"collection":[{"href":"https:\/\/informacionlocal.es\/it\/wp-json\/wp\/v2\/posts"}],"about":[{"href":"https:\/\/informacionlocal.es\/it\/wp-json\/wp\/v2\/types\/post"}],"author":[{"embeddable":true,"href":"https:\/\/informacionlocal.es\/it\/wp-json\/wp\/v2\/users\/1"}],"replies":[{"embeddable":true,"href":"https:\/\/informacionlocal.es\/it\/wp-json\/wp\/v2\/comments?post=8353"}],"version-history":[{"count":0,"href":"https:\/\/informacionlocal.es\/it\/wp-json\/wp\/v2\/posts\/8353\/revisions"}],"wp:featuredmedia":[{"embeddable":true,"href":"https:\/\/informacionlocal.es\/it\/wp-json\/wp\/v2\/media\/8350"}],"wp:attachment":[{"href":"https:\/\/informacionlocal.es\/it\/wp-json\/wp\/v2\/media?parent=8353"}],"wp:term":[{"taxonomy":"category","embeddable":true,"href":"https:\/\/informacionlocal.es\/it\/wp-json\/wp\/v2\/categories?post=8353"},{"taxonomy":"post_tag","embeddable":true,"href":"https:\/\/informacionlocal.es\/it\/wp-json\/wp\/v2\/tags?post=8353"}],"curies":[{"name":"wp","href":"https:\/\/api.w.org\/{rel}","templated":true}]}}