{"id":8340,"date":"2025-07-24T17:01:20","date_gmt":"2025-07-24T16:01:20","guid":{"rendered":"https:\/\/informacionlocal.es\/il-progetto-della-nuova-darsena-di-puerto-del-rosario-procede-secondo-i-tempi-previsti\/"},"modified":"2025-07-24T17:01:20","modified_gmt":"2025-07-24T16:01:20","slug":"il-progetto-della-nuova-darsena-di-puerto-del-rosario-procede-secondo-i-tempi-previsti","status":"publish","type":"post","link":"https:\/\/informacionlocal.es\/it\/il-progetto-della-nuova-darsena-di-puerto-del-rosario-procede-secondo-i-tempi-previsti\/","title":{"rendered":"Il progetto della nuova darsena di Puerto del Rosario procede secondo i tempi previsti."},"content":{"rendered":"<div class=\"entry-content\"><strong>24 luglio 2025<\/strong><\/p>\n<p><em><strong>Questo \u00e8 ci\u00f2 che l&#8217;Autorit\u00e0 Portuale ha detto alla presidente del Cabildo, Lola Garc\u00eda, e al sindaco di Puerto del Rosario, David de Vera, durante una riunione del suo Consiglio di Amministrazione.<\/strong><\/em><\/p>\n<p><strong>Mercoled\u00ec 16 luglio 2025.  <\/strong><\/p>\n<p>Il progetto per la costruzione del nuovo molo<br \/>\npresso la banchina di Puerto del Rosario sta procedendo secondo i piani, come ha assicurato<br \/>\nall&#8217;Autorit\u00e0 Portuale oggi, 24 luglio, in una sessione ordinaria<br \/>\ndel suo Consiglio di Amministrazione.<\/p>\n<p>A questa sessione hanno partecipato il<br \/>\npresidente del Cabildo di Fuerteventura, Lola Garc\u00eda, il sindaco di Puerto del<br \/>\nRosario, David de Vera, e Juan Jes\u00fas<br \/>\nRodr\u00edguez Marichal in qualit\u00e0 di rappresentante del Consiglio Generale delle Camere di<br \/>\nCommercio delle Isole Canarie, che ha sottolineato l&#8217;importanza di avviare un&#8217;opera strategica<br \/>\nche migliorer\u00e0 l&#8217;operativit\u00e0 del porto, dando cos\u00ec impulso all&#8217;attivit\u00e0 economica dell&#8217;isola<br \/>\n.<\/p>\n<p>A questo proposito, la presidente dell&#8217;Autorit\u00e0 Portuale<br \/>\n, Beatriz Calzada, ha dichiarato che il progetto sta procedendo come previsto<br \/>\ne rispetta le scadenze per l&#8217;inizio dei lavori.<br \/>\nCon un budget di quasi 40 milioni di euro, i lavori sono stati assegnati alla joint venture<br \/>\nSociedad An\u00f3nima Trabajos y Obras-Obrasc\u00f3n Huarte Lain S.A., e sono cofinanziati<br \/>\ncon fondi FESR. <\/p>\n<p>Lola Garc\u00eda ha sottolineato l&#8217;importanza di un progetto<br \/>\n&#8220;che soddisfa una richiesta storica di Fuerteventura, poich\u00e9<br \/>\nnon solo consentir\u00e0 di aumentare la capacit\u00e0 operativa del porto, ma<br \/>\nconsolider\u00e0 l&#8217;isola di Fuerteventura come nodo logistico chiave nell&#8217;arcipelago<br \/>\n&#8220;.<\/p>\n<p>Da parte sua, David de Vera ha sottolineato la<br \/>\nrilevanza per il Comune di un&#8217;opera strategica che non solo viene a<br \/>\nmigliorare la sicurezza e l&#8217;operativit\u00e0 del porto, ma che rafforzer\u00e0 la<br \/>\nposizione di Puerto del Rosario come hub per l&#8217;ingresso e l&#8217;uscita di merci e<br \/>\npasseggeri a Fuerteventura, con l&#8217;impulso economico che questo comporta&#8221;.<\/p>\n<p>I lavori prevedono la costruzione di una<br \/>\nnuova struttura esterna che dar\u00e0 continuit\u00e0 alla banchina commerciale dalla<br \/>\nzona sud dell&#8217;attuale piattaforma, con un primo tratto di 100 metri di lunghezza<br \/>\ne un secondo tratto che raggiunger\u00e0 i 375 metri. Il progetto migliorer\u00e0 la<br \/>\nprotezione della banchina della capitale dalle onde e consentir\u00e0 l&#8217;attracco<br \/>\nspecializzato per le petroliere, liberando l&#8217;attuale banchina per altri<br \/>\nusi come il traffico crocieristico, migliorandone l&#8217;efficienza, la sicurezza e<br \/>\nl&#8217;operativit\u00e0.   <\/p>\n<p><strong>Punta Pesebre<\/strong><\/p>\n<p>Durante la seduta del Consiglio di<br \/>\nAmministrazione dell&#8217;Autorit\u00e0 Portuale, la presidente dell&#8217;isola, Lola Garc\u00eda,<br \/>\nha ribadito la necessit\u00e0 di avviare un&#8217;azione immediata per riparare e migliorare<br \/>\nl&#8217;installazione nota come faro di Punta Pesebre (Parco Naturale di Jand\u00eda),<br \/>\ncome da lei richiesto per iscritto lo scorso 14 luglio. A questo proposito, la<br \/>\npresidente dell&#8217;Autorit\u00e0 Portuale ha espresso la sua disponibilit\u00e0 a studiare la<br \/>\nsituazione per la riabilitazione di un&#8217;infrastruttura che presenta un<br \/>\nimportante stato di degrado, che incide sulla sicurezza e sulla conservazione dell&#8217;edificio,<br \/>\nnonch\u00e9 sull&#8217;immagine di Fuerteventura. <\/p>\n<\/div>\n","protected":false},"excerpt":{"rendered":"<p>24 luglio 2025 Questo \u00e8 ci\u00f2 che l&#8217;Autorit\u00e0 Portuale ha detto alla presidente del Cabildo, Lola Garc\u00eda, e al sindaco di Puerto del Rosario, David de Vera, durante una riunione [&hellip;]<\/p>\n","protected":false},"author":1,"featured_media":8338,"comment_status":"open","ping_status":"open","sticky":false,"template":"","format":"standard","meta":{"inline_featured_image":false,"jnews-multi-image_gallery":[],"jnews_single_post":[],"jnews_primary_category":[],"jnews_social_meta":[],"jnews_override_counter":[],"jnews_post_split":[],"footnotes":""},"categories":[289],"tags":[223],"class_list":["post-8340","post","type-post","status-publish","format-standard","has-post-thumbnail","hentry","category-cabildo-it","tag-fuerteventura-it"],"jetpack_featured_media_url":"https:\/\/informacionlocal.es\/wp-content\/uploads\/2025\/07\/dfdfdfd.jpeg","_links":{"self":[{"href":"https:\/\/informacionlocal.es\/it\/wp-json\/wp\/v2\/posts\/8340","targetHints":{"allow":["GET"]}}],"collection":[{"href":"https:\/\/informacionlocal.es\/it\/wp-json\/wp\/v2\/posts"}],"about":[{"href":"https:\/\/informacionlocal.es\/it\/wp-json\/wp\/v2\/types\/post"}],"author":[{"embeddable":true,"href":"https:\/\/informacionlocal.es\/it\/wp-json\/wp\/v2\/users\/1"}],"replies":[{"embeddable":true,"href":"https:\/\/informacionlocal.es\/it\/wp-json\/wp\/v2\/comments?post=8340"}],"version-history":[{"count":0,"href":"https:\/\/informacionlocal.es\/it\/wp-json\/wp\/v2\/posts\/8340\/revisions"}],"wp:featuredmedia":[{"embeddable":true,"href":"https:\/\/informacionlocal.es\/it\/wp-json\/wp\/v2\/media\/8338"}],"wp:attachment":[{"href":"https:\/\/informacionlocal.es\/it\/wp-json\/wp\/v2\/media?parent=8340"}],"wp:term":[{"taxonomy":"category","embeddable":true,"href":"https:\/\/informacionlocal.es\/it\/wp-json\/wp\/v2\/categories?post=8340"},{"taxonomy":"post_tag","embeddable":true,"href":"https:\/\/informacionlocal.es\/it\/wp-json\/wp\/v2\/tags?post=8340"}],"curies":[{"name":"wp","href":"https:\/\/api.w.org\/{rel}","templated":true}]}}