{"id":8318,"date":"2025-07-24T10:58:21","date_gmt":"2025-07-24T09:58:21","guid":{"rendered":"https:\/\/informacionlocal.es\/il-cabildo-lancia-un-centro-di-riciclaggio-mobile-per-migliorare-ulteriormente-il-riciclaggio-a-fuerteventura\/"},"modified":"2025-07-24T10:58:21","modified_gmt":"2025-07-24T09:58:21","slug":"il-cabildo-lancia-un-centro-di-riciclaggio-mobile-per-migliorare-ulteriormente-il-riciclaggio-a-fuerteventura","status":"publish","type":"post","link":"https:\/\/informacionlocal.es\/it\/il-cabildo-lancia-un-centro-di-riciclaggio-mobile-per-migliorare-ulteriormente-il-riciclaggio-a-fuerteventura\/","title":{"rendered":"Il Cabildo lancia un centro di riciclaggio mobile per migliorare ulteriormente il riciclaggio a Fuerteventura"},"content":{"rendered":"<div class=\"entry-content\"><strong>24 luglio 2025<\/strong><\/p>\n<p><em><strong>Il Dipartimento dei rifiuti acquista e avvia la prima installazione di queste caratteristiche sull&#8217;isola, con l&#8217;obiettivo di portare il riciclaggio in ogni angolo dell&#8217;isola.<\/strong><\/em><\/p>\n<p><em><strong>Le date e gli orari di questo punto mobile di pulizia saranno disponibili a met\u00e0 agosto.<\/strong><\/em><\/p>\n<p>Quest&#8217;estate, il Consiglio dell&#8217;isola di Fuerteventura, attraverso il suo Dipartimento dei Rifiuti, allestir\u00e0 un punto di raccolta mobile che porter\u00e0 il riciclaggio ai residenti in ogni angolo del territorio dell&#8217;isola. Lo hanno annunciato oggi la presidente del Cabildo, Lola Garc\u00eda, e l&#8217;assessore ai rifiuti dell&#8217;isola, Enrique P\u00e9rez, durante la presentazione di questa struttura itinerante. <\/p>\n<p>Secondo Lola Garc\u00eda, &#8220;in un&#8217;isola con grandi distanze come Fuerteventura, \u00e8 essenziale avvicinare i diversi servizi alla popolazione. Per questo motivo, per la prima volta, stiamo allestendo un punto mobile a Fuerteventura, che integra il lavoro svolto nelle installazioni fisse e continua cos\u00ec ad aumentare il riciclaggio sull&#8217;isola&#8221;.<\/p>\n<p>Lola Garc\u00eda ha sottolineato &#8220;la crescente consapevolezza del pubblico. L&#8217;anno scorso a Majorero sono state riciclate pi\u00f9 di 9.000 tonnellate di rifiuti&#8221;. &#8220;Siamo passati dall&#8217;essere in fondo alla lista ad essere nella media delle Isole Canarie e in testa ad alcune frazioni riciclabili come il vetro. Dobbiamo ringraziare, quindi, i cittadini e la loro consapevolezza. Senza il loro coinvolgimento, tutto questo non sarebbe possibile&#8221;. <\/p>\n<p>Il consigliere dell&#8217;isola, Enrique P\u00e9rez, indica che &#8220;questa percentuale continuer\u00e0 a crescere con l&#8217;implementazione del punto mobile di pulizia che operer\u00e0 su base itinerante nelle diverse citt\u00e0 di Fuerteventura, raccogliendo i rifiuti che non entrano nei contenitori che troviamo nelle strade. Per la prima volta, questo servizio sar\u00e0 portato pi\u00f9 vicino alle persone nelle aree pi\u00f9 lontane dai punti fissi&#8221;.<\/p>\n<p>Il punto mobile si sposter\u00e0 nelle diverse localit\u00e0. Gli utenti potranno consultare le date e gli orari su un calendario che sar\u00e0 probabilmente disponibile a partire da met\u00e0 agosto, sul sito web del Cabildo (cabildofuer.es) nell&#8217;area Rifiuti e sui social network &#8220;Fuerteventura Recicla&#8221;. P\u00e9rez ha anche ringraziato il Governo delle Isole Canarie per il sostegno finanziario ricevuto per l&#8217;implementazione di questo punto mobile di pulizia.  <\/p>\n<p>Allo stesso tempo, il Cabildo di Fuerteventura sta lavorando fianco a fianco con i comuni per avere i punti puliti di cui i comuni hanno bisogno. Il Piano Regolatore dei Rifiuti di Fuerteventura prevede la costruzione di punti puliti a Corralejo, Antigua e nel comune di P\u00e1jara, per i quali i terreni devono essere messi a disposizione dai consigli locali. Inoltre, il Dipartimento dei Rifiuti sta promuovendo la modifica del contratto di raccolta differenziata per aumentare la frequenza e il numero di contenitori, il che dovrebbe aumentare ulteriormente la percentuale di raccolta dei rifiuti.  <\/p>\n<p>Il Cabildo di Fuerteventura ha anche investito 1,5 milioni di euro, con fondi propri, per migliorare i macchinari del Complesso Ambientale Zurita e i diversi impianti di trasferimento. Inoltre, 1,1 milioni di euro di fondi europei NextGeneration sono stati ottenuti dalla Corporazione insulare per adattare gli impianti di trasferimento al quinto container. <\/p>\n<\/div>\n","protected":false},"excerpt":{"rendered":"<p>24 luglio 2025 Il Dipartimento dei rifiuti acquista e avvia la prima installazione di queste caratteristiche sull&#8217;isola, con l&#8217;obiettivo di portare il riciclaggio in ogni angolo dell&#8217;isola. Le date e [&hellip;]<\/p>\n","protected":false},"author":1,"featured_media":8314,"comment_status":"open","ping_status":"open","sticky":false,"template":"","format":"standard","meta":{"inline_featured_image":false,"jnews-multi-image_gallery":[],"jnews_single_post":[],"jnews_primary_category":[],"jnews_social_meta":[],"jnews_override_counter":[],"jnews_post_split":[],"footnotes":""},"categories":[289],"tags":[202,223],"class_list":["post-8318","post","type-post","status-publish","format-standard","has-post-thumbnail","hentry","category-cabildo-it","tag-comuni","tag-fuerteventura-it"],"jetpack_featured_media_url":"https:\/\/informacionlocal.es\/wp-content\/uploads\/2025\/07\/eeee-8.jpeg","_links":{"self":[{"href":"https:\/\/informacionlocal.es\/it\/wp-json\/wp\/v2\/posts\/8318","targetHints":{"allow":["GET"]}}],"collection":[{"href":"https:\/\/informacionlocal.es\/it\/wp-json\/wp\/v2\/posts"}],"about":[{"href":"https:\/\/informacionlocal.es\/it\/wp-json\/wp\/v2\/types\/post"}],"author":[{"embeddable":true,"href":"https:\/\/informacionlocal.es\/it\/wp-json\/wp\/v2\/users\/1"}],"replies":[{"embeddable":true,"href":"https:\/\/informacionlocal.es\/it\/wp-json\/wp\/v2\/comments?post=8318"}],"version-history":[{"count":0,"href":"https:\/\/informacionlocal.es\/it\/wp-json\/wp\/v2\/posts\/8318\/revisions"}],"wp:featuredmedia":[{"embeddable":true,"href":"https:\/\/informacionlocal.es\/it\/wp-json\/wp\/v2\/media\/8314"}],"wp:attachment":[{"href":"https:\/\/informacionlocal.es\/it\/wp-json\/wp\/v2\/media?parent=8318"}],"wp:term":[{"taxonomy":"category","embeddable":true,"href":"https:\/\/informacionlocal.es\/it\/wp-json\/wp\/v2\/categories?post=8318"},{"taxonomy":"post_tag","embeddable":true,"href":"https:\/\/informacionlocal.es\/it\/wp-json\/wp\/v2\/tags?post=8318"}],"curies":[{"name":"wp","href":"https:\/\/api.w.org\/{rel}","templated":true}]}}