{"id":8252,"date":"2025-07-23T13:58:37","date_gmt":"2025-07-23T12:58:37","guid":{"rendered":"https:\/\/informacionlocal.es\/divertente-rinfrescante-e-soprattutto-inclusivo-il-campo-estivo-di-funteac-a-pozo-negro\/"},"modified":"2025-07-23T13:58:37","modified_gmt":"2025-07-23T12:58:37","slug":"divertente-rinfrescante-e-soprattutto-inclusivo-il-campo-estivo-di-funteac-a-pozo-negro","status":"publish","type":"post","link":"https:\/\/informacionlocal.es\/it\/divertente-rinfrescante-e-soprattutto-inclusivo-il-campo-estivo-di-funteac-a-pozo-negro\/","title":{"rendered":"Divertente, rinfrescante e soprattutto inclusivo il campo estivo di Funteac a Pozo Negro"},"content":{"rendered":"<div class=\"elementor-widget-container\">\n<p><strong>Divertente, rinfrescante e soprattutto inclusivo il campo estivo di Funteac a Pozo Negro<\/strong><\/p>\n<p><strong>&#8211; Il campo estivo inclusivo di Funteac ha permesso ai bambini di divertirsi liberamente e in sicurezza con giochi di squadra, avventure e attivit\u00e0 sulla spiaggia e sul mare di Pozo Negro.<\/strong><\/p>\n<p>Si \u00e8 concluso mercoled\u00ec 23 luglio il campo estivo inclusivo organizzato dalla Fondazione canaria per il sostegno ai disturbi del neurosviluppo (FUNTEAC) a Pozo Negro.<\/p>\n<p>Il Comune di Antigua, dal Dipartimento dei Servizi Sociali, ha collaborato con la fondazione organizzatrice Funteac, che da luned\u00ec scorso ha organizzato a Pozo Negro un campo per bambini divertente, rinfrescante e particolarmente inclusivo.<\/p>\n<p>Il lavoro e l&#8217;impegno di Funteac \u00e8 splendido, dice il sindaco, Mat\u00edas Pe\u00f1a Garc\u00eda, sia per la sua dedizione che per i continui progetti di formazione, famiglia, consulenza, laboratori o come in questa occasione, un campo inclusivo che offre ai bambini la libert\u00e0 di esprimersi e svilupparsi senza complessi in un ambiente sicuro, divertente e rinfrescante come in questi giorni a Pozo Negro.<\/p>\n<p>Il Sindaco e l&#8217;Assessore ai Servizi Sociali, Am\u00e9rica Soto Betancor, hanno visitato il Funteac Inclusive Camp di Pozo Negro questo mercoled\u00ec mattina, accompagnando i bambini, la presidente della Fondazione, Fabiola Moreno, e i giovani istruttori che partecipano a questa giornata di divertimento che conclude una mattinata estiva in cui giochi, avventure e mare hanno regalato esperienze indimenticabili.<\/p>\n<p>Il consigliere Soto Betancor sottolinea anche il lavoro della Funteac, soprattutto nel comune di Antigua, dove ogni sua proposta \u00e8 sempre ben accolta e dove \u00e8 una delle entit\u00e0 che riceve sovvenzioni per sostenere le spese e collaborare alla sua continuit\u00e0.<\/p>\n<\/div>\n","protected":false},"excerpt":{"rendered":"<p><strong>Divertente, rinfrescante e soprattutto inclusivo il campo estivo di Funteac a Pozo Negro<\/strong><\/p>\n","protected":false},"author":1,"featured_media":8250,"comment_status":"open","ping_status":"open","sticky":false,"template":"","format":"standard","meta":{"inline_featured_image":false,"jnews-multi-image_gallery":[],"jnews_single_post":[],"jnews_primary_category":[],"jnews_social_meta":[],"jnews_override_counter":[],"jnews_post_split":[],"footnotes":""},"categories":[282],"tags":[],"class_list":["post-8252","post","type-post","status-publish","format-standard","has-post-thumbnail","hentry","category-antigua-it"],"jetpack_featured_media_url":"https:\/\/informacionlocal.es\/wp-content\/uploads\/2025\/07\/divertido-refrescante-y-especialmente-inclusivo-el-campamento-de-verano-de-funteac-en-pozo-negro-1-scaled-1.jpg","_links":{"self":[{"href":"https:\/\/informacionlocal.es\/it\/wp-json\/wp\/v2\/posts\/8252","targetHints":{"allow":["GET"]}}],"collection":[{"href":"https:\/\/informacionlocal.es\/it\/wp-json\/wp\/v2\/posts"}],"about":[{"href":"https:\/\/informacionlocal.es\/it\/wp-json\/wp\/v2\/types\/post"}],"author":[{"embeddable":true,"href":"https:\/\/informacionlocal.es\/it\/wp-json\/wp\/v2\/users\/1"}],"replies":[{"embeddable":true,"href":"https:\/\/informacionlocal.es\/it\/wp-json\/wp\/v2\/comments?post=8252"}],"version-history":[{"count":0,"href":"https:\/\/informacionlocal.es\/it\/wp-json\/wp\/v2\/posts\/8252\/revisions"}],"wp:featuredmedia":[{"embeddable":true,"href":"https:\/\/informacionlocal.es\/it\/wp-json\/wp\/v2\/media\/8250"}],"wp:attachment":[{"href":"https:\/\/informacionlocal.es\/it\/wp-json\/wp\/v2\/media?parent=8252"}],"wp:term":[{"taxonomy":"category","embeddable":true,"href":"https:\/\/informacionlocal.es\/it\/wp-json\/wp\/v2\/categories?post=8252"},{"taxonomy":"post_tag","embeddable":true,"href":"https:\/\/informacionlocal.es\/it\/wp-json\/wp\/v2\/tags?post=8252"}],"curies":[{"name":"wp","href":"https:\/\/api.w.org\/{rel}","templated":true}]}}