{"id":8239,"date":"2025-07-23T12:58:22","date_gmt":"2025-07-23T11:58:22","guid":{"rendered":"https:\/\/informacionlocal.es\/fuerteventura-promuove-linclusione-con-una-nuova-giornata-di-lotta-canaria-adattata\/"},"modified":"2025-07-23T12:58:22","modified_gmt":"2025-07-23T11:58:22","slug":"fuerteventura-promuove-linclusione-con-una-nuova-giornata-di-lotta-canaria-adattata","status":"publish","type":"post","link":"https:\/\/informacionlocal.es\/it\/fuerteventura-promuove-linclusione-con-una-nuova-giornata-di-lotta-canaria-adattata\/","title":{"rendered":"Fuerteventura promuove l&#8217;inclusione con una nuova giornata di lotta canaria adattata"},"content":{"rendered":"<div class=\"entry-content\"><strong>23 luglio 2025<\/strong><\/p>\n<p><em><strong>Le aree di Accessibilit\u00e0 e Sport del Cabildo, in collaborazione con la Federazione isolana e Adivia, promuovono questa attivit\u00e0 inclusiva per avvicinare lo sport tradizionale a tutti i cittadini.<\/strong><\/em><\/p>\n<p>Il Consiglio dell&#8217;Isola di Fuerteventura, attraverso le aree di Accessibilit\u00e0 e Sport, continua a promuovere la lotta canaria adattata sull&#8217;isola. In questo modo, in collaborazione con la Federazione Insulare di Lotta Canaria e l&#8217;associazione ADIVIA, si terr\u00e0 una nuova Giornata di Lotta Canaria Adattata, un&#8217;attivit\u00e0 inclusiva pensata per portare questo sport tradizionale a tutti i cittadini, con particolare attenzione alle persone con diversit\u00e0 funzionale. <\/p>\n<p>La giornata si terr\u00e0 venerd\u00ec 12 settembre, presso l&#8217;arena di wrestling di Puerto del Rosario, dalle ore 10.00 alle ore 13.00. Durante questa giornata, i partecipanti potranno conoscere e praticare la Lucha Canaria in un ambiente adattato, sicuro e inclusivo. Si tratta di un&#8217;opportunit\u00e0 unica per godere della cultura e dello sport locale, promuovendo la partecipazione, l&#8217;inclusione e le pari opportunit\u00e0.  <\/p>\n<p>Questa attivit\u00e0 \u00e8 aperta al pubblico in generale e non richiede esperienza precedente. Tutte le informazioni possono essere richieste al numero 645 630 943 e all&#8217;indirizzo e-mail adiviafuerteventura@gmail.com. <\/p>\n<p>L&#8217;Assessore all&#8217;Accessibilit\u00e0, Carmen Alonso, e l&#8217;Assessore allo Sport, Luis Gonz\u00e1lez, sottolineano l&#8217;importanza di questa attivit\u00e0 nell&#8217;ambito dell&#8217;impegno del Cabildo de Fuerteventura a promuovere l&#8217;inclusione e la diffusione dello sport locale.<\/p>\n<\/div>\n","protected":false},"excerpt":{"rendered":"<p>23 luglio 2025 Le aree di Accessibilit\u00e0 e Sport del Cabildo, in collaborazione con la Federazione isolana e Adivia, promuovono questa attivit\u00e0 inclusiva per avvicinare lo sport tradizionale a tutti [&hellip;]<\/p>\n","protected":false},"author":1,"featured_media":8238,"comment_status":"open","ping_status":"open","sticky":false,"template":"","format":"standard","meta":{"inline_featured_image":false,"jnews-multi-image_gallery":[],"jnews_single_post":[],"jnews_primary_category":[],"jnews_social_meta":[],"jnews_override_counter":[],"jnews_post_split":[],"footnotes":""},"categories":[289],"tags":[223],"class_list":["post-8239","post","type-post","status-publish","format-standard","has-post-thumbnail","hentry","category-cabildo-it","tag-fuerteventura-it"],"jetpack_featured_media_url":"https:\/\/informacionlocal.es\/wp-content\/uploads\/2025\/07\/ewee.jpeg","_links":{"self":[{"href":"https:\/\/informacionlocal.es\/it\/wp-json\/wp\/v2\/posts\/8239","targetHints":{"allow":["GET"]}}],"collection":[{"href":"https:\/\/informacionlocal.es\/it\/wp-json\/wp\/v2\/posts"}],"about":[{"href":"https:\/\/informacionlocal.es\/it\/wp-json\/wp\/v2\/types\/post"}],"author":[{"embeddable":true,"href":"https:\/\/informacionlocal.es\/it\/wp-json\/wp\/v2\/users\/1"}],"replies":[{"embeddable":true,"href":"https:\/\/informacionlocal.es\/it\/wp-json\/wp\/v2\/comments?post=8239"}],"version-history":[{"count":0,"href":"https:\/\/informacionlocal.es\/it\/wp-json\/wp\/v2\/posts\/8239\/revisions"}],"wp:featuredmedia":[{"embeddable":true,"href":"https:\/\/informacionlocal.es\/it\/wp-json\/wp\/v2\/media\/8238"}],"wp:attachment":[{"href":"https:\/\/informacionlocal.es\/it\/wp-json\/wp\/v2\/media?parent=8239"}],"wp:term":[{"taxonomy":"category","embeddable":true,"href":"https:\/\/informacionlocal.es\/it\/wp-json\/wp\/v2\/categories?post=8239"},{"taxonomy":"post_tag","embeddable":true,"href":"https:\/\/informacionlocal.es\/it\/wp-json\/wp\/v2\/tags?post=8239"}],"curies":[{"name":"wp","href":"https:\/\/api.w.org\/{rel}","templated":true}]}}