{"id":8188,"date":"2025-07-22T19:58:31","date_gmt":"2025-07-22T18:58:31","guid":{"rendered":"https:\/\/informacionlocal.es\/la-comunita-di-fuerteventura-ha-la-possibilita-di-trasformare-il-proprio-ambiente-con-il-progetto-fuerteventura-protagonista\/"},"modified":"2025-07-22T19:58:31","modified_gmt":"2025-07-22T18:58:31","slug":"la-comunita-di-fuerteventura-ha-la-possibilita-di-trasformare-il-proprio-ambiente-con-il-progetto-fuerteventura-protagonista","status":"publish","type":"post","link":"https:\/\/informacionlocal.es\/it\/la-comunita-di-fuerteventura-ha-la-possibilita-di-trasformare-il-proprio-ambiente-con-il-progetto-fuerteventura-protagonista\/","title":{"rendered":"La comunit\u00e0 di Fuerteventura ha la possibilit\u00e0 di trasformare il proprio ambiente con il progetto Fuerteventura Protagonista."},"content":{"rendered":"<div class=\"entry-content\"><strong>22 luglio 2025<\/strong><\/p>\n<p><em><strong>La prossima formazione si terr\u00e0 il 23 luglio, guidata dal geografo e ricercatore Vicente Zapata.<\/strong><\/em><\/p>\n<p><em><strong>Inoltre, il processo di ascolto sociale rimane aperto affinch\u00e9 i cittadini possano contribuire al territorio con un ruolo attivo e partecipativo.<\/strong><\/em><strong>M<\/strong><\/p>\n<p>Il progetto &#8220;Fuerteventura Protagonista&#8221; continua con il suo<br \/>\nimpegno a rafforzare la partecipazione comunitaria sull&#8217;isola attraverso<br \/>\nla formazione sulle metodologie comunitarie. Questo<br \/>\nprogetto, promosso dal Dipartimento di Partecipazione Cittadina del Cabildo dell&#8217;isola<br \/>\n, insieme alla Fondazione Generale dell&#8217;Universit\u00e0 di La Laguna, \u00e8<br \/>\nimmerso in un primo blocco di formazione attraverso seminari online<br \/>\ncon l&#8217;obiettivo generale di fornire alla comunit\u00e0 Majorero strumenti e<br \/>\nconoscenze per diventare attivamente coinvolta nello sviluppo locale e nel processo decisionale collettivo<br \/>\n.   <\/p>\n<p>\nI primi tre seminari hanno avuto un grande successo: un totale di 192 iscrizioni, evidenziando da parte del<br \/>\nteam tecnico del progetto l&#8217;interesse della comunit\u00e0 locale e la sua partecipazione<br \/>\nper generare un cambiamento sociale sostenibile. Vengono affrontate le tecniche partecipative,<br \/>\nla facilitazione dei processi comunitari e la costruzione collaborativa di<br \/>\nsoluzioni alle sfide che Fuerteventura deve affrontare, &#8220;contribuendo cos\u00ec<br \/>\nalla promozione di un reale ed effettivo coinvolgimento della comunit\u00e0 nei progetti e nelle<br \/>\npolitiche che riguardano il loro ambiente&#8221;, spiega l&#8217;Assessore all&#8217;Azione Sociale, V\u00edctor Alonso.   <\/p>\n<p>Il prossimo seminario si intitola &#8220;Camminate di comunit\u00e0:<br \/>\ndiagnosi partecipata del territorio&#8221; e si terr\u00e0 mercoled\u00ec prossimo,<br \/>\n23 luglio, alle ore 17.00. L&#8217;obiettivo di questo seminario \u00e8 conoscere e<br \/>\napplicare la passeggiata comunitaria come strumento di osservazione partecipata dell&#8217;ambiente<br \/>\n. Sar\u00e0 tenuto da Vicente Zapata Hern\u00e1ndez, geografo, ricercatore e<br \/>\nprofessore di Geografia Umana presso l&#8217;Universit\u00e0 di La Laguna, direttore<br \/>\ndell&#8217;Osservatorio dell&#8217;Immigrazione di Tenerife (OBITen) e di vari progetti<br \/>\ndi intervento comunitario e innovazione sociale, nonch\u00e9<br \/>\ndirettore accademico del progetto &#8220;Fuerteventura Protagonista&#8221;. Il seminario<br \/>\ndurer\u00e0 2 ore, con uno spazio finale per il dialogo<br \/>\n. La formazione \u00e8 gratuita e certificata dalla Fondazione<br \/>\nCanaria General dell&#8217;Universit\u00e0 di La Laguna. Gli interessati possono iscriversi attraverso il link<br \/>\n:       <\/p>\n<figure class=\"wp-block-embed\">\n<div class=\"wp-block-embed__wrapper\">\nhttps:\/\/bit.ly\/FPInscripcionesS4\n<\/div>\n<\/figure>\n<p>Tutte le informazioni sono disponibili all&#8217;indirizzo  <\/p>\n<figure class=\"wp-block-embed\">\n<div class=\"wp-block-embed__wrapper\">\nhttps:\/\/bit.ly\/FPFichaTecnicaS4\n<\/div>\n<\/figure>\n<p>Inoltre, questa prima fase di<br \/>\nformazione si concluder\u00e0 il 7 agosto con un&#8217;esperienza ispiratrice<br \/>\ncon effetto dimostrativo da parte di Gisela Signorelli, docente e<br \/>\nricercatrice dell&#8217;Universit\u00e0 Nazionale di Rosario (Argentina).<br \/>\nSuccessivamente,<br \/>\nnei mesi di settembre e ottobre, inizier\u00e0 il prossimo blocco di &#8220;formazione all&#8217;azione&#8221; sulle<br \/>\nmetodologie comunitarie, che saranno sviluppate di persona e<br \/>\nitineranti attraverso tutti i comuni di Fuerteventura. <\/p>\n<p><strong>Audici<\/strong><strong>Pubblico sociale<\/strong><\/p>\n<p>\nAllo stesso modo, il consigliere V\u00edctor Alonso ricorda che<br \/>\ncontinua ad aprire il processo di ascolto sociale in tutta l&#8217;isola, con l&#8217;obiettivo<br \/>\nche la comunit\u00e0 possa contribuire al territorio con un ruolo attivo e partecipativo. \u00c8 aperto a tutte le et\u00e0, le persone e i<br \/>\ngruppi, e si sta svolgendo in tutti i comuni. <\/p>\n<p>Chi fosse interessato a partecipare pu\u00f2 contattare<br \/>\ntramite il seguente link: https:\/\/bit.ly\/ficherofuerteventuraprotagonista. In questo modo,<br \/>\norganizzer\u00e0 i colloqui all&#8217;interno di questo processo di ascolto,<br \/>\ncreando spazi di dialogo e di ascolto attivo.<\/p>\n<\/div>\n","protected":false},"excerpt":{"rendered":"<p>22 luglio 2025 La prossima formazione si terr\u00e0 il 23 luglio, guidata dal geografo e ricercatore Vicente Zapata. Inoltre, il processo di ascolto sociale rimane aperto affinch\u00e9 i cittadini possano [&hellip;]<\/p>\n","protected":false},"author":1,"featured_media":8186,"comment_status":"open","ping_status":"open","sticky":false,"template":"","format":"standard","meta":{"inline_featured_image":false,"jnews-multi-image_gallery":[],"jnews_single_post":[],"jnews_primary_category":[],"jnews_social_meta":[],"jnews_override_counter":[],"jnews_post_split":[],"footnotes":""},"categories":[289],"tags":[202,223,329],"class_list":["post-8188","post","type-post","status-publish","format-standard","has-post-thumbnail","hentry","category-cabildo-it","tag-comuni","tag-fuerteventura-it","tag-partecipazione-dei-cittadini"],"jetpack_featured_media_url":"https:\/\/informacionlocal.es\/wp-content\/uploads\/2025\/07\/wwww.jpeg","_links":{"self":[{"href":"https:\/\/informacionlocal.es\/it\/wp-json\/wp\/v2\/posts\/8188","targetHints":{"allow":["GET"]}}],"collection":[{"href":"https:\/\/informacionlocal.es\/it\/wp-json\/wp\/v2\/posts"}],"about":[{"href":"https:\/\/informacionlocal.es\/it\/wp-json\/wp\/v2\/types\/post"}],"author":[{"embeddable":true,"href":"https:\/\/informacionlocal.es\/it\/wp-json\/wp\/v2\/users\/1"}],"replies":[{"embeddable":true,"href":"https:\/\/informacionlocal.es\/it\/wp-json\/wp\/v2\/comments?post=8188"}],"version-history":[{"count":0,"href":"https:\/\/informacionlocal.es\/it\/wp-json\/wp\/v2\/posts\/8188\/revisions"}],"wp:featuredmedia":[{"embeddable":true,"href":"https:\/\/informacionlocal.es\/it\/wp-json\/wp\/v2\/media\/8186"}],"wp:attachment":[{"href":"https:\/\/informacionlocal.es\/it\/wp-json\/wp\/v2\/media?parent=8188"}],"wp:term":[{"taxonomy":"category","embeddable":true,"href":"https:\/\/informacionlocal.es\/it\/wp-json\/wp\/v2\/categories?post=8188"},{"taxonomy":"post_tag","embeddable":true,"href":"https:\/\/informacionlocal.es\/it\/wp-json\/wp\/v2\/tags?post=8188"}],"curies":[{"name":"wp","href":"https:\/\/api.w.org\/{rel}","templated":true}]}}