{"id":8163,"date":"2025-07-22T17:58:29","date_gmt":"2025-07-22T16:58:29","guid":{"rendered":"https:\/\/informacionlocal.es\/il-cabildo-di-fuerteventura-finanzia-le-escuelitas-de-lucha-canaria-con-150-000-euro\/"},"modified":"2025-07-22T17:58:29","modified_gmt":"2025-07-22T16:58:29","slug":"il-cabildo-di-fuerteventura-finanzia-le-escuelitas-de-lucha-canaria-con-150-000-euro","status":"publish","type":"post","link":"https:\/\/informacionlocal.es\/it\/il-cabildo-di-fuerteventura-finanzia-le-escuelitas-de-lucha-canaria-con-150-000-euro\/","title":{"rendered":"Il Cabildo di Fuerteventura finanzia le Escuelitas de Lucha Canaria con 150.000 euro"},"content":{"rendered":"<div class=\"entry-content\"><strong>22 luglio 2025<\/strong><\/p>\n<p><em><strong>Il Cabildo e la Federaci\u00f3n Insular de Lucha Canaria iniziano una nuova stagione delle escuelitas, con l&#8217;obiettivo di continuare a creare cave.<\/strong><\/em><\/p>\n<p>Il Cabildo de Fuerteventura e la Federaci\u00f3n Insular de Lucha Canaria hanno firmato un accordo per la creazione delle Escuelitas de Lucha Canaria per la stagione 2025-2026. Un programma a cui partecipano sei scuole di tutta l&#8217;isola e circa 150 ragazzi e ragazze, interamente finanziato dall&#8217;istituzione isolana. <\/p>\n<p>La presidente del Cabildo, Lola Garc\u00eda, e il presidente della Federaci\u00f3n Insular de Lucha Canaria, Mart\u00edn Cano, hanno firmato l&#8217;accordo con cui la Corporazione insulare stanzia 150.000 euro per finanziare il programma. L&#8217;accordo fa parte del programma di recupero e diffusione dei giochi tradizionali sviluppato dall&#8217;Assessorato allo Sport, diretto da Luis Gonz\u00e1lez. <\/p>\n<p>Lola Garc\u00eda ha sottolineato che &#8220;i giochi e gli sport indigeni e tradizionali sono parte della nostra identit\u00e0 di popolo Majorero, quindi il loro recupero, la promozione e il mantenimento \u00e8 uno degli obiettivi prioritari del Cabildo di Fuerteventura&#8221;. Ha anche sottolineato il grande lavoro svolto dalla Federazione isolana e dal suo presidente, Mart\u00edn Cano, per creare una cava sull&#8217;isola. <\/p>\n<p>L&#8217;assessore Luis Gonz\u00e1lez ha sottolineato l&#8217;importanza di un&#8217;iniziativa che permette di promuovere la cultura di Fuerteventura. &#8220;Una scommessa sicura per il futuro del wrestling canario a Fuerteventura e per le generazioni a venire&#8221;. <\/p>\n<p>Da parte sua, Mart\u00edn Cano \u00e8 grato per il sostegno del Cabildo allo sviluppo di questo programma e ha sottolineato il lavoro svolto dai monitori nelle piccole scuole per continuare a creare un bacino di giovani giocatori sull&#8217;isola.<\/p>\n<p><strong>Convenzione<\/strong><\/p>\n<p>Come miglioramenti all&#8217;interno dell&#8217;accordo del Cabildo con la Federaci\u00f3n Insular de Lucha Canaria, \u00e8 incluso il finanziamento dello staff sanitario che copre l&#8217;intera stagione di wrestling a Fuerteventura, sia le competizioni che le gare regionali. Fuerteventura \u00e8 l&#8217;unica isola a disporre di personale medico per gli incontri di wrestling, finanziato da questo accordo. <\/p>\n<p>Finanzia anche la trasmissione degli incontri di lotta, oltre a coprire tutte le spese delle squadre nazionali di Fuerteventura, sia maschili che femminili, in tutte le categorie, quando viaggiano per competere a livello regionale.<\/p>\n<p>Il Cabildo di Fuerteventura e la Federazione isolana di wrestling hanno approfittato dell&#8217;incontro per rispondere alle richieste dei diversi club di wrestling dell&#8217;isola e per discutere il contenuto dell&#8217;accordo.<\/p>\n<\/div>\n","protected":false},"excerpt":{"rendered":"<p>22 luglio 2025 Il Cabildo e la Federaci\u00f3n Insular de Lucha Canaria iniziano una nuova stagione delle escuelitas, con l&#8217;obiettivo di continuare a creare cave. Il Cabildo de Fuerteventura e [&hellip;]<\/p>\n","protected":false},"author":1,"featured_media":8160,"comment_status":"open","ping_status":"open","sticky":false,"template":"","format":"standard","meta":{"inline_featured_image":false,"jnews-multi-image_gallery":[],"jnews_single_post":[],"jnews_primary_category":[],"jnews_social_meta":[],"jnews_override_counter":[],"jnews_post_split":[],"footnotes":""},"categories":[289],"tags":[223,320],"class_list":["post-8163","post","type-post","status-publish","format-standard","has-post-thumbnail","hentry","category-cabildo-it","tag-fuerteventura-it","tag-lo-sport"],"jetpack_featured_media_url":"https:\/\/informacionlocal.es\/wp-content\/uploads\/2025\/07\/4444.jpeg","_links":{"self":[{"href":"https:\/\/informacionlocal.es\/it\/wp-json\/wp\/v2\/posts\/8163","targetHints":{"allow":["GET"]}}],"collection":[{"href":"https:\/\/informacionlocal.es\/it\/wp-json\/wp\/v2\/posts"}],"about":[{"href":"https:\/\/informacionlocal.es\/it\/wp-json\/wp\/v2\/types\/post"}],"author":[{"embeddable":true,"href":"https:\/\/informacionlocal.es\/it\/wp-json\/wp\/v2\/users\/1"}],"replies":[{"embeddable":true,"href":"https:\/\/informacionlocal.es\/it\/wp-json\/wp\/v2\/comments?post=8163"}],"version-history":[{"count":0,"href":"https:\/\/informacionlocal.es\/it\/wp-json\/wp\/v2\/posts\/8163\/revisions"}],"wp:featuredmedia":[{"embeddable":true,"href":"https:\/\/informacionlocal.es\/it\/wp-json\/wp\/v2\/media\/8160"}],"wp:attachment":[{"href":"https:\/\/informacionlocal.es\/it\/wp-json\/wp\/v2\/media?parent=8163"}],"wp:term":[{"taxonomy":"category","embeddable":true,"href":"https:\/\/informacionlocal.es\/it\/wp-json\/wp\/v2\/categories?post=8163"},{"taxonomy":"post_tag","embeddable":true,"href":"https:\/\/informacionlocal.es\/it\/wp-json\/wp\/v2\/tags?post=8163"}],"curies":[{"name":"wp","href":"https:\/\/api.w.org\/{rel}","templated":true}]}}