{"id":8150,"date":"2025-07-22T16:59:53","date_gmt":"2025-07-22T15:59:53","guid":{"rendered":"https:\/\/informacionlocal.es\/feste-nella-costa-di-antigua-in-onore-di-san-giacomo-apostolo\/"},"modified":"2025-07-22T16:59:53","modified_gmt":"2025-07-22T15:59:53","slug":"feste-nella-costa-di-antigua-in-onore-di-san-giacomo-apostolo","status":"publish","type":"post","link":"https:\/\/informacionlocal.es\/it\/feste-nella-costa-di-antigua-in-onore-di-san-giacomo-apostolo\/","title":{"rendered":"Feste nella costa di Antigua in onore di San Giacomo Apostolo"},"content":{"rendered":"<div class=\"elementor-widget-container\">\n<p><strong>Feste sulla costa di Antigua in onore di San Giacomo Apostolo<\/strong><\/p>\n<p><strong>&#8211; Questo fine settimana si celebrano le Fiestas de Costa de Antigua con una sfilata della batucada Sambukka, nove spettacoli musicali e una rinfrescante festa per bambini con cannoni di schiuma.<\/strong><\/p>\n<p>Il Municipio di Antigua, dal Dipartimento delle Feste, annuncia l&#8217;inizio delle Fiestas de Costa de Antigua a partire da venerd\u00ec 25 luglio alle ore 19:00, svegliando le strade al ritmo delle percussioni della Batucada Sambukka, annunciando un programma, fino a domenica 27 nel pomeriggio, di spettacoli musicali, concerti e una rinfrescante festa per bambini.<\/p>\n<p>Questo venerd\u00ec, dice l&#8217;Assessore alle Feste, Pedro M. Armas Mart\u00edn, iniziano le Feste in onore di San Giacomo Apostolo, dopo la sfilata, con le esibizioni di Kevin Archer e Laly Lean.<\/p>\n<p>Sabato 26 e a partire dalle 12:00 il flamenco pop di Sergio Jim\u00e9nez, seguito dall&#8217;eccezionale concerto del gruppo popolare Aseres alle 14:00. Il programma festivo prevede, spiega l&#8217;assessore, nove concerti musicali con ritmi diversi per soddisfare i gusti di tutti. <\/p>\n<p>Il concerto di Aseres sar\u00e0 seguito questo sabato alle 16:00 da Jarana, alle 18:00 da Joni Telde, e alle 20:00 dal noto gruppo Siroko, con l&#8217;aggiunta di Armas, e per chiudere la serata Laly Lean.<\/p>\n<p>Domenica 27, al mattino, la festa \u00e8 dedicata ai pi\u00f9 piccoli con una divertente e rinfrescante festa per bambini con il popolare Cannone di Schiuma, mentre sul palco il DJ Pepe Gueta dar\u00e0 il ritmo musicale e saluter\u00e0 le Fiestas de Costa de Antigua fino alle ore 18:00.<\/p>\n<p>Il sindaco, Mat\u00edas Pe\u00f1a, ci ricorda che queste sono feste da godere e da fare in modo responsabile, feste per i giovani e per tutte le et\u00e0 in cui gruppi di amici e famiglie condividono e godono degli spazi.<\/p>\n<\/div>\n","protected":false},"excerpt":{"rendered":"<p><strong>Feste nella costa di Antigua in onore di San Giacomo Apostolo<\/strong><\/p>\n","protected":false},"author":1,"featured_media":8148,"comment_status":"open","ping_status":"open","sticky":false,"template":"","format":"standard","meta":{"inline_featured_image":false,"jnews-multi-image_gallery":[],"jnews_single_post":[],"jnews_primary_category":[],"jnews_social_meta":[],"jnews_override_counter":[],"jnews_post_split":[],"footnotes":""},"categories":[282],"tags":[],"class_list":["post-8150","post","type-post","status-publish","format-standard","has-post-thumbnail","hentry","category-antigua-it"],"jetpack_featured_media_url":"https:\/\/informacionlocal.es\/wp-content\/uploads\/2025\/07\/cartel-fiestas-costa-de-antigua-2025.jpg","_links":{"self":[{"href":"https:\/\/informacionlocal.es\/it\/wp-json\/wp\/v2\/posts\/8150","targetHints":{"allow":["GET"]}}],"collection":[{"href":"https:\/\/informacionlocal.es\/it\/wp-json\/wp\/v2\/posts"}],"about":[{"href":"https:\/\/informacionlocal.es\/it\/wp-json\/wp\/v2\/types\/post"}],"author":[{"embeddable":true,"href":"https:\/\/informacionlocal.es\/it\/wp-json\/wp\/v2\/users\/1"}],"replies":[{"embeddable":true,"href":"https:\/\/informacionlocal.es\/it\/wp-json\/wp\/v2\/comments?post=8150"}],"version-history":[{"count":0,"href":"https:\/\/informacionlocal.es\/it\/wp-json\/wp\/v2\/posts\/8150\/revisions"}],"wp:featuredmedia":[{"embeddable":true,"href":"https:\/\/informacionlocal.es\/it\/wp-json\/wp\/v2\/media\/8148"}],"wp:attachment":[{"href":"https:\/\/informacionlocal.es\/it\/wp-json\/wp\/v2\/media?parent=8150"}],"wp:term":[{"taxonomy":"category","embeddable":true,"href":"https:\/\/informacionlocal.es\/it\/wp-json\/wp\/v2\/categories?post=8150"},{"taxonomy":"post_tag","embeddable":true,"href":"https:\/\/informacionlocal.es\/it\/wp-json\/wp\/v2\/tags?post=8150"}],"curies":[{"name":"wp","href":"https:\/\/api.w.org\/{rel}","templated":true}]}}