{"id":8114,"date":"2025-07-21T19:05:33","date_gmt":"2025-07-21T18:05:33","guid":{"rendered":"https:\/\/informacionlocal.es\/il-cabildo-di-fuerteventura-sostiene-pajara-per-recuperare-la-tenuta-di-ajuy-come-area-di-produzione-agricola-tradizionale\/"},"modified":"2025-07-21T19:05:33","modified_gmt":"2025-07-21T18:05:33","slug":"il-cabildo-di-fuerteventura-sostiene-pajara-per-recuperare-la-tenuta-di-ajuy-come-area-di-produzione-agricola-tradizionale","status":"publish","type":"post","link":"https:\/\/informacionlocal.es\/it\/il-cabildo-di-fuerteventura-sostiene-pajara-per-recuperare-la-tenuta-di-ajuy-come-area-di-produzione-agricola-tradizionale\/","title":{"rendered":"Il Cabildo di Fuerteventura sostiene P\u00e1jara per recuperare la tenuta di Ajuy come area di produzione agricola tradizionale."},"content":{"rendered":"<div class=\"entry-content\"><strong>21 luglio 2025<\/strong><\/p>\n<p><em><strong>Il Comune \u00e8 alla guida dell&#8217;iniziativa che prevede interventi in tutto il bacino della gola.<\/strong><\/em><\/p>\n<p>Il Cabildo de Fuerteventura, attraverso il Servizio Lavori e Macchine, sta attualmente sostenendo il recupero della tenuta di Ajuy, un&#8217;iniziativa del Comune di P\u00e1jara attraverso il Dipartimento del Settore Primario. I trattori agricoli sono al lavoro per preparare i burroni all&#8217;uso come area di coltivazione tradizionale del Majorero. <\/p>\n<p>La presidente del Cabildo, Lola Garc\u00eda, e il sindaco di P\u00e1jara, Alejandro Jorge, sottolineano l&#8217;importanza del coordinamento tra le amministrazioni per migliorare i sistemi agricoli tradizionali che costituiscono una parte identificativa del paesaggio Majorero.<\/p>\n<p>L&#8217;assessore ai Lavori e alle Macchine, Blas Acosta, sottolinea che &#8220;gli sforzi coordinati tra le amministrazioni moltiplicano i loro effetti positivi, ed \u00e8 per questo che manteniamo una ferma politica di collaborazione con i consigli comunali in azioni che si traducono in una migliore qualit\u00e0 della vita&#8221;.<\/p>\n<p>L&#8217;assessore al Settore primario, Jos\u00e9 Manuel D\u00edaz, afferma che &#8220;il burrone di Ajuy \u00e8 forse oggi la vetrina naturale dell&#8217;isola pi\u00f9 frequentata dai turisti e comprende valori patrimoniali, storici e paesaggistici&#8221;. Per questo motivo, il Comune di P\u00e1jara sta sviluppando un pacchetto di azioni che riguardano diverse aree lungo l&#8217;intera lunghezza del burrone. &#8220;La strada di Ajuy corre parallela al burrone, quindi vogliamo che questa vetrina naturale sia nelle migliori condizioni possibili.  <\/p>\n<p>La tenuta di Ajuy, con circa 578.000 metri quadrati, \u00e8 l&#8217;ultima pietra miliare di questo pacchetto di azioni del Comune di P\u00e1jara che, oltre al Cabildo di Fuerteventura, \u00e8 sostenuto anche da altre organizzazioni come l&#8217;Universit\u00e0 di Las Palmas de Gran Canaria e Gesplan (Gesti\u00f3n y Planeamiento Territorial y Medioambiental). Insieme stanno affrontando il recupero dei paesaggi, della flora autoctona, delle aree naturali come la Madre del Agua e del patrimonio storico come i forni per la calce e i relativi edifici tradizionali. Ora, con l&#8217;azione sulla tenuta di Ajuy, di propriet\u00e0 del Comune, si vuole promuovere il suo sfruttamento agricolo come esempio di uso tradizionale che ripristina il potenziale storico di questi calanchi.  <\/p>\n<\/div>\n","protected":false},"excerpt":{"rendered":"<p>21 luglio 2025 Il Comune \u00e8 alla guida dell&#8217;iniziativa che prevede interventi in tutto il bacino della gola. Il Cabildo de Fuerteventura, attraverso il Servizio Lavori e Macchine, sta attualmente [&hellip;]<\/p>\n","protected":false},"author":1,"featured_media":8112,"comment_status":"open","ping_status":"open","sticky":false,"template":"","format":"standard","meta":{"inline_featured_image":false,"jnews-multi-image_gallery":[],"jnews_single_post":[],"jnews_primary_category":[],"jnews_social_meta":[],"jnews_override_counter":[],"jnews_post_split":[],"footnotes":""},"categories":[289],"tags":[223],"class_list":["post-8114","post","type-post","status-publish","format-standard","has-post-thumbnail","hentry","category-cabildo-it","tag-fuerteventura-it"],"jetpack_featured_media_url":"https:\/\/informacionlocal.es\/wp-content\/uploads\/2025\/07\/ukuk.jpeg","_links":{"self":[{"href":"https:\/\/informacionlocal.es\/it\/wp-json\/wp\/v2\/posts\/8114","targetHints":{"allow":["GET"]}}],"collection":[{"href":"https:\/\/informacionlocal.es\/it\/wp-json\/wp\/v2\/posts"}],"about":[{"href":"https:\/\/informacionlocal.es\/it\/wp-json\/wp\/v2\/types\/post"}],"author":[{"embeddable":true,"href":"https:\/\/informacionlocal.es\/it\/wp-json\/wp\/v2\/users\/1"}],"replies":[{"embeddable":true,"href":"https:\/\/informacionlocal.es\/it\/wp-json\/wp\/v2\/comments?post=8114"}],"version-history":[{"count":0,"href":"https:\/\/informacionlocal.es\/it\/wp-json\/wp\/v2\/posts\/8114\/revisions"}],"wp:featuredmedia":[{"embeddable":true,"href":"https:\/\/informacionlocal.es\/it\/wp-json\/wp\/v2\/media\/8112"}],"wp:attachment":[{"href":"https:\/\/informacionlocal.es\/it\/wp-json\/wp\/v2\/media?parent=8114"}],"wp:term":[{"taxonomy":"category","embeddable":true,"href":"https:\/\/informacionlocal.es\/it\/wp-json\/wp\/v2\/categories?post=8114"},{"taxonomy":"post_tag","embeddable":true,"href":"https:\/\/informacionlocal.es\/it\/wp-json\/wp\/v2\/tags?post=8114"}],"curies":[{"name":"wp","href":"https:\/\/api.w.org\/{rel}","templated":true}]}}