{"id":8104,"date":"2025-07-21T16:02:03","date_gmt":"2025-07-21T15:02:03","guid":{"rendered":"https:\/\/informacionlocal.es\/la-oliva-promuove-il-ricambio-generazionale-nella-pesca-con-un-corso-riservato-ai-giovani-marinai-del-comune\/"},"modified":"2025-07-21T16:02:03","modified_gmt":"2025-07-21T15:02:03","slug":"la-oliva-promuove-il-ricambio-generazionale-nella-pesca-con-un-corso-riservato-ai-giovani-marinai-del-comune","status":"publish","type":"post","link":"https:\/\/informacionlocal.es\/it\/la-oliva-promuove-il-ricambio-generazionale-nella-pesca-con-un-corso-riservato-ai-giovani-marinai-del-comune\/","title":{"rendered":"La Oliva promuove il ricambio generazionale nella pesca con un corso riservato ai giovani marinai del comune."},"content":{"rendered":"<p>Il Comune di La Oliva si impegna per la tradizione peschereccia del municipio con il Corso di Skipper Locale per giovani marinai. In questo modo, l&#8217;Assessorato allo Sviluppo Locale, diretto da Alexandra Mart\u00edn, promuove una formazione specializzata con l&#8217;obiettivo di sostenere il settore della pesca e favorire il ricambio generazionale di una delle professioni pi\u00f9 tradizionali del comune.   <\/p>\n<p>Al corso, che si \u00e8 svolto dall&#8217;8 maggio al 25 giugno presso il Centro di formazione La Bocaina di Corralejo, hanno partecipato 20 studenti. Ognuno di questi giovani mantiene un legame attivo con la comunit\u00e0 marinara locale, che grazie a questa formazione sovvenzionata dallo Sviluppo Locale pu\u00f2 continuare ad ampliare le proprie conoscenze e possibilit\u00e0 professionali in questo settore a La Oliva.   <\/p>\n<p>Il sindaco di La Oliva, Isa\u00ed Blanco, ha espresso la necessit\u00e0 di continuare a sostenere la diffusione e la promozione delle professioni tradizionali nel comune: &#8220;Non possiamo comprendere la storia del nostro comune senza la pesca. Pertanto, \u00e8 necessario continuare a far conoscere questa professione tradizionale, poich\u00e9 ci\u00f2 non solo favorir\u00e0 il ricambio generazionale, ma contribuir\u00e0 anche a mantenere viva la nostra storia, i nostri costumi e, in breve, tutto ci\u00f2 che i marinai e i pescatori rappresentano e continuano a rappresentare per la nostra citt\u00e0&#8221;.<\/p>\n<p>Inoltre, il vicesindaco, Julio Santana, ha sottolineato l&#8217;importanza di questo corso non solo come percorso professionale per i giovani, ma anche come elemento chiave per la continuit\u00e0 di un&#8217;attivit\u00e0 economica e culturale fondamentale per La Oliva, come la pesca. &#8220;Formare i giovani in questo campo significa garantire il futuro del nostro mare e delle nostre tradizioni&#8221;, ha sottolineato Santana.   <\/p>\n<p>Da parte sua, l&#8217;assessore allo Sviluppo locale, Alexandra Mart\u00edn, ha espresso l&#8217;impatto positivo di questo programma nel comune: &#8220;Questo corso \u00e8 molto pi\u00f9 di una qualifica. \u00c8 uno strumento di radicamento, identit\u00e0 e impegno per le nostre radici. Puntare sul rinnovamento generazionale significa difendere il nostro patrimonio marittimo e garantire che la pesca artigianale continui a far parte dell&#8217;anima di La Oliva&#8221;.  <\/p>\n<p>Va inoltre sottolineato che il corso \u00e8 stato progettato non solo per fornire competenze tecniche specifiche, ma anche per integrare i giovani in un modello di pesca responsabile e sostenibile, adattato al contesto attuale. La formazione comprende conoscenze teoriche e pratiche, incentrate sullo sviluppo di un&#8217;attivit\u00e0 che rispetti l&#8217;ambiente marino e sia in linea con i valori dello sviluppo locale.   <\/p>\n<p>Il Concistoro mantiene quindi lo sviluppo attivo di programmi di formazione professionale, occupazione e imprenditorialit\u00e0, al fine di ampliare le opportunit\u00e0 di lavoro per i residenti del comune.<\/p>\n","protected":false},"excerpt":{"rendered":"<p><span>Il Dipartimento di Sviluppo Locale promuove la formazione di 20 studenti per mantenere la tradizione della pesca nel nord dell&#8217;isola.<\/span><\/p>\n","protected":false},"author":1,"featured_media":8100,"comment_status":"open","ping_status":"open","sticky":false,"template":"","format":"standard","meta":{"inline_featured_image":false,"jnews-multi-image_gallery":[],"jnews_single_post":[],"jnews_primary_category":[],"jnews_social_meta":[],"jnews_override_counter":[],"jnews_post_split":[],"footnotes":""},"categories":[292],"tags":[],"class_list":["post-8104","post","type-post","status-publish","format-standard","has-post-thumbnail","hentry","category-la-oliva-it"],"jetpack_featured_media_url":"https:\/\/informacionlocal.es\/wp-content\/uploads\/2025\/07\/5224_ca80448c.png","_links":{"self":[{"href":"https:\/\/informacionlocal.es\/it\/wp-json\/wp\/v2\/posts\/8104","targetHints":{"allow":["GET"]}}],"collection":[{"href":"https:\/\/informacionlocal.es\/it\/wp-json\/wp\/v2\/posts"}],"about":[{"href":"https:\/\/informacionlocal.es\/it\/wp-json\/wp\/v2\/types\/post"}],"author":[{"embeddable":true,"href":"https:\/\/informacionlocal.es\/it\/wp-json\/wp\/v2\/users\/1"}],"replies":[{"embeddable":true,"href":"https:\/\/informacionlocal.es\/it\/wp-json\/wp\/v2\/comments?post=8104"}],"version-history":[{"count":0,"href":"https:\/\/informacionlocal.es\/it\/wp-json\/wp\/v2\/posts\/8104\/revisions"}],"wp:featuredmedia":[{"embeddable":true,"href":"https:\/\/informacionlocal.es\/it\/wp-json\/wp\/v2\/media\/8100"}],"wp:attachment":[{"href":"https:\/\/informacionlocal.es\/it\/wp-json\/wp\/v2\/media?parent=8104"}],"wp:term":[{"taxonomy":"category","embeddable":true,"href":"https:\/\/informacionlocal.es\/it\/wp-json\/wp\/v2\/categories?post=8104"},{"taxonomy":"post_tag","embeddable":true,"href":"https:\/\/informacionlocal.es\/it\/wp-json\/wp\/v2\/tags?post=8104"}],"curies":[{"name":"wp","href":"https:\/\/api.w.org\/{rel}","templated":true}]}}