{"id":8091,"date":"2025-07-21T13:58:47","date_gmt":"2025-07-21T12:58:47","guid":{"rendered":"https:\/\/informacionlocal.es\/antigua-organizza-un-digital-camp-gratuito-e-diretto-per-i-giovani\/"},"modified":"2025-07-21T13:58:47","modified_gmt":"2025-07-21T12:58:47","slug":"antigua-organizza-un-digital-camp-gratuito-e-diretto-per-i-giovani","status":"publish","type":"post","link":"https:\/\/informacionlocal.es\/it\/antigua-organizza-un-digital-camp-gratuito-e-diretto-per-i-giovani\/","title":{"rendered":"Antigua organizza un Digital Camp gratuito e diretto per i giovani"},"content":{"rendered":"<div class=\"elementor-widget-container\">\n<p><strong>Antigua organizza un Digital Camp gratuito e diretto per i giovani<\/strong><\/p>\n<p><strong>&#8211; \u00c8 aperto il termine per presentare la domanda attraverso l&#8217;Ufficio del Registro di Antigua, la Tenencia de Alcald\u00eda o online sul sito www.ayto-antigua.es.<\/strong><br \/><strong>&#8211; Sono organizzati due campi dalle 09:00 alle 14:00, dal 4 all&#8217;8 agosto per le et\u00e0 comprese tra i 14 e i 17 anni, e dall&#8217;11 al 14 agosto per le et\u00e0 comprese tra i 9 e i 13 anni. <\/strong><br \/><strong>&#8211; Attivit\u00e0 frontali sulle competenze digitali con certificato Digcomp. <\/strong><br \/><strong>&#8211; Maggiori informazioni su solicita@campamentodigital.org o chiamando 928878438 o il cellulare 674727623.<\/strong><\/p>\n<p>Il Dipartimento della Giovent\u00f9 del Comune di Antigua e la Fundaci\u00f3n Cibervoluntarios organizzano un Digital Camp gratuito in loco, dalle ore 9:00 alle 14:00, dal 4 all&#8217;8 agosto, per i giovani dai 14 ai 17 anni e dall&#8217;11 al 14 agosto per i bambini dai 9 ai 13 anni.<\/p>\n<p>Il Digital Camp, spiega l&#8217;Assessore alla Giovent\u00f9 Pedro M. Armas Mart\u00edn, fornir\u00e0 competenze digitali con certificazione Digcomp, ovvero nell&#8217;ambito del programma Next Generation dell&#8217;Unione Europea.<\/p>\n<p>Fornire strumenti per l&#8217;uso digitale dei dispositivi consente loro di acquisire sicurezza nel loro utilizzo e di distinguere eventuali inganni o intenzioni nelle reti, nonch\u00e9 di conoscere applicazioni utili e pratiche e programmi o siti web che possono essere molto utili nel loro sviluppo digitale.<\/p>\n<p>Incoraggiare i giovani a partecipare e ad approfittare della conoscenza digitale che contraddistingue i tempi attuali, dice il sindaco, Mat\u00edas Pe\u00f1a, fornendo strumenti \u00e8 anche fornire loro criteri personali per utilizzare meglio le reti o le applicazioni.<\/p>\n<p>Il Sindaco ricorda che il Comune di Antigua, oltre a questo Digital Camp, ha organizzato anche un programma di attivit\u00e0 ed escursioni per i giovani del Comune, con iscrizione completamente gratuita.<\/p>\n<\/div>\n","protected":false},"excerpt":{"rendered":"<p><strong>Antigua organizza un Digital Camp gratuito e diretto per i giovani<\/strong><\/p>\n","protected":false},"author":1,"featured_media":8088,"comment_status":"open","ping_status":"open","sticky":false,"template":"","format":"standard","meta":{"inline_featured_image":false,"jnews-multi-image_gallery":[],"jnews_single_post":[],"jnews_primary_category":[],"jnews_social_meta":[],"jnews_override_counter":[],"jnews_post_split":[],"footnotes":""},"categories":[282],"tags":[],"class_list":["post-8091","post","type-post","status-publish","format-standard","has-post-thumbnail","hentry","category-antigua-it"],"jetpack_featured_media_url":"https:\/\/informacionlocal.es\/wp-content\/uploads\/2025\/07\/cartel-ayto-antigua_ok.png","_links":{"self":[{"href":"https:\/\/informacionlocal.es\/it\/wp-json\/wp\/v2\/posts\/8091","targetHints":{"allow":["GET"]}}],"collection":[{"href":"https:\/\/informacionlocal.es\/it\/wp-json\/wp\/v2\/posts"}],"about":[{"href":"https:\/\/informacionlocal.es\/it\/wp-json\/wp\/v2\/types\/post"}],"author":[{"embeddable":true,"href":"https:\/\/informacionlocal.es\/it\/wp-json\/wp\/v2\/users\/1"}],"replies":[{"embeddable":true,"href":"https:\/\/informacionlocal.es\/it\/wp-json\/wp\/v2\/comments?post=8091"}],"version-history":[{"count":0,"href":"https:\/\/informacionlocal.es\/it\/wp-json\/wp\/v2\/posts\/8091\/revisions"}],"wp:featuredmedia":[{"embeddable":true,"href":"https:\/\/informacionlocal.es\/it\/wp-json\/wp\/v2\/media\/8088"}],"wp:attachment":[{"href":"https:\/\/informacionlocal.es\/it\/wp-json\/wp\/v2\/media?parent=8091"}],"wp:term":[{"taxonomy":"category","embeddable":true,"href":"https:\/\/informacionlocal.es\/it\/wp-json\/wp\/v2\/categories?post=8091"},{"taxonomy":"post_tag","embeddable":true,"href":"https:\/\/informacionlocal.es\/it\/wp-json\/wp\/v2\/tags?post=8091"}],"curies":[{"name":"wp","href":"https:\/\/api.w.org\/{rel}","templated":true}]}}