{"id":8080,"date":"2025-07-21T12:58:27","date_gmt":"2025-07-21T11:58:27","guid":{"rendered":"https:\/\/informacionlocal.es\/con-lappoggio-di-antigua-il-collegio-dei-medici-sta-discutendo-con-il-dipartimento-della-salute-affinche-lospedale-dellisola-si-chiami-guillermo-sanchez-velazquez\/"},"modified":"2025-07-21T12:58:27","modified_gmt":"2025-07-21T11:58:27","slug":"con-lappoggio-di-antigua-il-collegio-dei-medici-sta-discutendo-con-il-dipartimento-della-salute-affinche-lospedale-dellisola-si-chiami-guillermo-sanchez-velazquez","status":"publish","type":"post","link":"https:\/\/informacionlocal.es\/it\/con-lappoggio-di-antigua-il-collegio-dei-medici-sta-discutendo-con-il-dipartimento-della-salute-affinche-lospedale-dellisola-si-chiami-guillermo-sanchez-velazquez\/","title":{"rendered":"Con l&#8217;appoggio di Antigua, il Collegio dei Medici sta discutendo con il Dipartimento della Salute affinch\u00e9 l&#8217;ospedale dell&#8217;isola si chiami Guillermo S\u00e1nchez Vel\u00e1zquez."},"content":{"rendered":"<div class=\"elementor-widget-container\">\n<p><strong>Con l&#8217;appoggio di Antigua, il Collegio dei Medici sta discutendo con il Dipartimento della Salute affinch\u00e9 l&#8217;ospedale dell&#8217;isola si chiami Guillermo S\u00e1nchez Vel\u00e1zquez.<\/strong><\/p>\n<p><strong>&#8211; I portavoce della famiglia e del Collegio dei Medici di Las Palmas di Fuerteventura sono grati per il sostegno del Consiglio Comunale di Antigua alla proposta da presentare al Governo delle Canarie.  <\/strong><br \/><strong>&#8211; I portavoce ricordano che tutte le principali infrastrutture sanitarie delle Isole Canarie sono intitolate alla memoria o al riconoscimento di un medico eccezionale per la sua carriera e il suo impegno personale.<\/strong><\/p>\n<p>Il sindaco di Antigua, Mat\u00edas Pe\u00f1a Garc\u00eda, ha ricevuto la visita del portavoce a Fuerteventura del Collegio dei Medici di Las Palmas, Juan Letang e Jorge S\u00e1nchez Hortelano, figlio e portavoce della famiglia di D. Guillermo S\u00e1nchez Vel\u00e1zquez.<\/p>\n<p>Il 29 maggio, in seduta plenaria, il Consiglio Comunale di Antigua ha approvato con il sostegno di tutti i consiglieri presenti, tranne il gruppo Coalici\u00f3n Canaria, la proposta dell&#8217;Ordine dei Medici di denominare la principale infrastruttura sanitaria dell&#8217;isola come Hospital Insular de Fuerteventura D. Guillermo S\u00e1nchez Vel\u00e1zquez.<\/p>\n<p>\u00c8 normale che le principali strutture sanitarie di ogni isola siano intitolate a coloro che ne hanno promosso la presenza, afferma Juan Letang, come nel caso di D. Guillermo, che oltre a esercitare la professione di medico sull&#8217;isola per tutta la sua vita professionale, grazie al suo impegno e alla sua dedizione \u00e8 riuscito, tra le altre cose, a creare un&#8217;\u00e9quipe medica e di specialisti sull&#8217;isola, che ha permesso di espandere, migliorare e garantire l&#8217;assistenza medica alle famiglie, in tempi difficili; inoltre, aggiunge Letang, ricordiamo che D. Guillermo S\u00e1nchez Vel\u00e1zquez \u00e8 stato presidente del Cabildo di Fuerteventura ed \u00e8 stato riconosciuto come il primo Figlio Prediletto di Fuerteventura da una richiesta del quartiere che ha raccolto migliaia di firme in quegli anni. Guillermo S\u00e1nchez Vel\u00e1zquez \u00e8 stato presidente del Cabildo di Fuerteventura ed \u00e8 stato riconosciuto come il primo figlio prediletto di Fuerteventura da una richiesta di quartiere raccolta in migliaia di firme in quegli anni.<\/p>\n<p>Portare rispetto e ricordare i pionieri e i promotori del sistema sanitario di ogni isola, come avviene ora a Fuerteventura, \u00e8 il minimo che possiamo fare&#8221;, afferma il sindaco Mat\u00edas Pe\u00f1a, che ricorda che la posizione del Municipio di Antigua \u00e8 ferma e maggioritaria nel sostenere il Collegio dei Medici di Las Palmas, nella sua proposta al Governo delle Canarie.<\/p>\n<\/p>\n<\/div>\n","protected":false},"excerpt":{"rendered":"<p><strong>Con l&#8217;appoggio di Antigua, il Collegio dei Medici sta discutendo con il Dipartimento della Salute affinch\u00e9 l&#8217;ospedale dell&#8217;isola si chiami Guillermo S\u00e1nchez Vel\u00e1zquez.<\/strong><\/p>\n","protected":false},"author":1,"featured_media":8076,"comment_status":"open","ping_status":"open","sticky":false,"template":"","format":"standard","meta":{"inline_featured_image":false,"jnews-multi-image_gallery":[],"jnews_single_post":[],"jnews_primary_category":[],"jnews_social_meta":[],"jnews_override_counter":[],"jnews_post_split":[],"footnotes":""},"categories":[282],"tags":[223,257],"class_list":["post-8080","post","type-post","status-publish","format-standard","has-post-thumbnail","hentry","category-antigua-it","tag-fuerteventura-it","tag-salute"],"jetpack_featured_media_url":"https:\/\/informacionlocal.es\/wp-content\/uploads\/2025\/07\/alcalde-de-antigua-con-el-portavoz-del-colegio-de-medicos-en-fuerteventura-y-el-representante-familia-d-guillermo-sanchez-scaled-1.jpg","_links":{"self":[{"href":"https:\/\/informacionlocal.es\/it\/wp-json\/wp\/v2\/posts\/8080","targetHints":{"allow":["GET"]}}],"collection":[{"href":"https:\/\/informacionlocal.es\/it\/wp-json\/wp\/v2\/posts"}],"about":[{"href":"https:\/\/informacionlocal.es\/it\/wp-json\/wp\/v2\/types\/post"}],"author":[{"embeddable":true,"href":"https:\/\/informacionlocal.es\/it\/wp-json\/wp\/v2\/users\/1"}],"replies":[{"embeddable":true,"href":"https:\/\/informacionlocal.es\/it\/wp-json\/wp\/v2\/comments?post=8080"}],"version-history":[{"count":0,"href":"https:\/\/informacionlocal.es\/it\/wp-json\/wp\/v2\/posts\/8080\/revisions"}],"wp:featuredmedia":[{"embeddable":true,"href":"https:\/\/informacionlocal.es\/it\/wp-json\/wp\/v2\/media\/8076"}],"wp:attachment":[{"href":"https:\/\/informacionlocal.es\/it\/wp-json\/wp\/v2\/media?parent=8080"}],"wp:term":[{"taxonomy":"category","embeddable":true,"href":"https:\/\/informacionlocal.es\/it\/wp-json\/wp\/v2\/categories?post=8080"},{"taxonomy":"post_tag","embeddable":true,"href":"https:\/\/informacionlocal.es\/it\/wp-json\/wp\/v2\/tags?post=8080"}],"curies":[{"name":"wp","href":"https:\/\/api.w.org\/{rel}","templated":true}]}}