{"id":8054,"date":"2025-07-19T23:58:21","date_gmt":"2025-07-19T22:58:21","guid":{"rendered":"https:\/\/informacionlocal.es\/casillas-del-angel-mantiene-viva-la-sua-fede-e-la-sua-tradizione-con-lemozionante-offerta-a-santa-ana\/"},"modified":"2025-07-19T23:58:21","modified_gmt":"2025-07-19T22:58:21","slug":"casillas-del-angel-mantiene-viva-la-sua-fede-e-la-sua-tradizione-con-lemozionante-offerta-a-santa-ana","status":"publish","type":"post","link":"https:\/\/informacionlocal.es\/it\/casillas-del-angel-mantiene-viva-la-sua-fede-e-la-sua-tradizione-con-lemozionante-offerta-a-santa-ana\/","title":{"rendered":"Casillas del \u00c1ngel mantiene viva la sua fede e la sua tradizione con l&#8217;emozionante offerta a Santa Ana"},"content":{"rendered":"<div class=\"entry-content\">\n<p>Le campane della chiesa di Casillas del \u00c1ngel hanno risuonato questo sabato come simbolo di devozione e unit\u00e0, segnando il momento pi\u00f9 solenne delle Feste in onore di Santa Ana: la tradizionale offerta alla Vergine. Un atto carico di emozione e fervore popolare che si \u00e8 svolto dopo il pellegrinaggio e che ha riunito vicini, famiglie e autorit\u00e0 in un&#8217;atmosfera di rispetto e orgoglio per le radici del villaggio. <\/p>\n<p>Il sindaco di Puerto del Rosario, David de Vera, e il primo vicesindaco e assessore alla Cultura, Juan Manuel Verdugo, erano presenti a questa offerta, condividendo con la popolazione questo momento di particolare significato per Casillas del \u00c1ngel e per tutto il comune.<\/p>\n<p>&#8220;L&#8217;impegno della citt\u00e0 nei confronti delle sue tradizioni \u00e8 degno di ammirazione. Casillas del \u00c1ngel \u00e8 ancora una volta un esempio di come mantenere vivo il nostro patrimonio culturale, quello che si tramanda di generazione in generazione e che fa parte della nostra identit\u00e0 di popolo&#8221;, ha sottolineato il sindaco, David de Vera, al termine dell&#8217;evento.<\/p>\n<p>Da parte sua, l&#8217;assessore alla Cultura, Juan Manuel Verdugo, ha voluto ringraziare &#8220;tutte le persone che rendono possibili queste feste, che non sono solo una celebrazione, ma anche memoria, storia e cultura viva. Dal Municipio continueremo a sostenere con convinzione questo tipo di eventi che arricchiscono il nostro Comune e rafforzano i nostri legami&#8221;.<\/p>\n<p>Tra canti, parande e commozione, i vicini hanno portato le loro offerte alla Vergine, in una manifestazione collettiva di fede, amore e gratitudine. L&#8217;immagine di Santa Ana, circondata da fiori e prodotti della campagna, \u00e8 tornata a essere il centro spirituale di una festa che, anno dopo anno, rinnova il suo valore come parte del patrimonio culturale di Puerto del Rosario. <\/p>\n<p>Nel corso del XVIII secolo ci fu una prosperit\u00e0 economica che port\u00f2 a un aumento della popolazione, che favor\u00ec il decentramento ecclesiastico iniziato nel 1708, che divise Fuerteventura in quattro parrocchie: Antigua, Betancuria, Casillas del \u00c1ngel e Tuineje.<\/p>\n<p>Il Comune di Puerto del Rosario si congratula con la popolazione di Casillas del \u00c1ngel per la dedizione, l&#8217;impegno e l&#8217;amore per le sue feste e ringrazia la partecipazione di tutte le persone che le rendono possibili, contribuendo a mantenere le nostre tradizioni pi\u00f9 vive che mai.<\/p>\n<\/div>\n","protected":false},"excerpt":{"rendered":"<p>Le campane della chiesa di Casillas del \u00c1ngel hanno risuonato questo sabato come simbolo di devozione e unit\u00e0, segnando il momento pi\u00f9 solenne delle Feste in onore di Santa Ana: [&hellip;]<\/p>\n","protected":false},"author":1,"featured_media":8052,"comment_status":"open","ping_status":"open","sticky":false,"template":"","format":"standard","meta":{"inline_featured_image":false,"jnews-multi-image_gallery":[],"jnews_single_post":[],"jnews_primary_category":[],"jnews_social_meta":[],"jnews_override_counter":[],"jnews_post_split":[],"footnotes":""},"categories":[295],"tags":[223],"class_list":["post-8054","post","type-post","status-publish","format-standard","has-post-thumbnail","hentry","category-puerto-del-rosario-it","tag-fuerteventura-it"],"jetpack_featured_media_url":"https:\/\/informacionlocal.es\/wp-content\/uploads\/2025\/07\/santa-ana-25-ofrenda.jpeg","_links":{"self":[{"href":"https:\/\/informacionlocal.es\/it\/wp-json\/wp\/v2\/posts\/8054","targetHints":{"allow":["GET"]}}],"collection":[{"href":"https:\/\/informacionlocal.es\/it\/wp-json\/wp\/v2\/posts"}],"about":[{"href":"https:\/\/informacionlocal.es\/it\/wp-json\/wp\/v2\/types\/post"}],"author":[{"embeddable":true,"href":"https:\/\/informacionlocal.es\/it\/wp-json\/wp\/v2\/users\/1"}],"replies":[{"embeddable":true,"href":"https:\/\/informacionlocal.es\/it\/wp-json\/wp\/v2\/comments?post=8054"}],"version-history":[{"count":0,"href":"https:\/\/informacionlocal.es\/it\/wp-json\/wp\/v2\/posts\/8054\/revisions"}],"wp:featuredmedia":[{"embeddable":true,"href":"https:\/\/informacionlocal.es\/it\/wp-json\/wp\/v2\/media\/8052"}],"wp:attachment":[{"href":"https:\/\/informacionlocal.es\/it\/wp-json\/wp\/v2\/media?parent=8054"}],"wp:term":[{"taxonomy":"category","embeddable":true,"href":"https:\/\/informacionlocal.es\/it\/wp-json\/wp\/v2\/categories?post=8054"},{"taxonomy":"post_tag","embeddable":true,"href":"https:\/\/informacionlocal.es\/it\/wp-json\/wp\/v2\/tags?post=8054"}],"curies":[{"name":"wp","href":"https:\/\/api.w.org\/{rel}","templated":true}]}}