{"id":8032,"date":"2025-07-18T23:58:25","date_gmt":"2025-07-18T22:58:25","guid":{"rendered":"https:\/\/informacionlocal.es\/feedback-positivo-da-parte-degli-operatori-in-germania-17-in-piu-di-connettivita-diretta-di-linea-in-preparazione-allinverno\/"},"modified":"2025-07-18T23:58:25","modified_gmt":"2025-07-18T22:58:25","slug":"feedback-positivo-da-parte-degli-operatori-in-germania-17-in-piu-di-connettivita-diretta-di-linea-in-preparazione-allinverno","status":"publish","type":"post","link":"https:\/\/informacionlocal.es\/it\/feedback-positivo-da-parte-degli-operatori-in-germania-17-in-piu-di-connettivita-diretta-di-linea-in-preparazione-allinverno\/","title":{"rendered":"Feedback positivo da parte degli operatori in Germania: 1,7% in pi\u00f9 di connettivit\u00e0 diretta di linea in preparazione all&#8217;inverno"},"content":{"rendered":"<div class=\"entry-content\"><strong>18 luglio 2025<\/strong><\/p>\n<p><em><strong>La delegazione di albergatori di Maiorca verifica &#8220;di persona&#8221; il buon andamento delle prenotazioni alla Conferenza Professionale organizzata da Tourism in quattro citt\u00e0 tedesche.<\/strong><\/em><\/p>\n<p><em><strong>Marlene Figueroa: &#8220;Questa promozione esclusiva di Fuerteventura dimostra la nostra forza come destinazione unita per generare prodotti attraenti che dovrebbero portare a miglioramenti nell&#8217;occupazione per provocare un effetto moltiplicatore nelle economie locali&#8221;.<\/strong><\/em><\/p>\n<p>La delegazione di albergatori di Fuerteventura alle Conferenze Professionali organizzate dall&#8217;Ente del Turismo in quattro citt\u00e0 tedesche ha ricevuto un riscontro positivo per la stagione invernale, con un aumento verificato dell&#8217;1,7% del numero di voli diretti e di linea da Fuerteventura alla Germania.<\/p>\n<p>Il formato degli incontri scelto da Turismo ha favorito un rapporto commerciale alla pari e con piena visibilit\u00e0 del prodotto Fuerteventura, in quanto gli albergatori e i tour operator tedeschi hanno condiviso informazioni &#8220;faccia a faccia, senza altre destinazioni o intermediari concorrenti&#8221;.<\/p>\n<p>L&#8217;Assessore al Turismo del Consiglio dell&#8217;Isola di Fuerteventura, Marlene Figueroa, spiega che &#8220;questa promozione esclusiva di Fuerteventura dimostra la nostra forza come destinazione unita per generare prodotti attraenti che dovrebbero portare a miglioramenti nell&#8217;occupazione per causare un effetto moltiplicatore sulle economie locali&#8221;.<\/p>\n<p>Nel Dipartimento del Turismo ci sforziamo di stabilire un rapporto &#8216;win-win&#8217; tra il nostro settore turistico e i tour operator, che implica il mantenimento di contatti commerciali diretti su un piano di parit\u00e0, con vantaggi reciproci&#8221;, afferma, &#8220;perch\u00e9 solo questa formula win-win consentir\u00e0 ai nostri datori di lavoro di migliorare, come \u00e8 giusto che sia, le condizioni di lavoro dei loro dipendenti a Fuerteventura e quindi di stimolare altre economie locali associate&#8221;.<\/p>\n<p>La delegazione imprenditoriale maiorchina, guidata dall&#8217;Ente del Turismo, ha confermato con la controparte tedesca il buon ritmo delle prenotazioni per la stagione invernale 2025\/26 (dal 1\u00b0 novembre al 31 marzo) e l&#8217;aumento dei collegamenti aerei regolari dalla Germania a Fuerteventura con circa 427.163 posti diretti (1,7% in pi\u00f9).<\/p>\n<p>Le Conferenze Professionali dell&#8217;Ente del Turismo, con la presenza di 39 hotel di Fuerteventura e dei principali tour operator del mercato tedesco, si sono svolte a D\u00fcsseldorf (il 14), Hannover (il 15), Amburgo (il 16) e Berlino (il 17 luglio).<\/p>\n<h2>Fuerteventura in Germania e viceversa<\/h2>\n<p>Vale la pena notare che il settore turistico di Fuerteventura ha fortemente sostenuto l&#8217;iniziativa dell&#8217;Ente del Turismo inviando dirigenti di Barcel\u00f3 Hotels, Coral Cotillo Beach Hotel, Elba Hotels, Fergus Hotels, Hyatt Inclusive Collection, Iberostar Hotels, LIVVO Hotels, Princess Hotels e R2 Hotels. Queste catene rappresentano pi\u00f9 della met\u00e0 degli hotel da tre a cinque stelle che operano a Fuerteventura. <\/p>\n<p>Il mercato tedesco \u00e8 fondamentale per Fuerteventura, dove rappresenta quasi il 32% del numero totale di turisti. I dati relativi allo scorso anno 2024 mostrano che l&#8217;isola ha ricevuto 769.847 turisti tedeschi, con 801.502 passeggeri arrivati dagli aeroporti tedeschi con voli diretti. <\/p>\n<p>Il turista tedesco medio spende pi\u00f9 di 169 euro al giorno nella destinazione. Investono circa 1.700 euro nel loro viaggio a Fuerteventura, con un soggiorno medio di oltre 10 giorni. L&#8217;et\u00e0 media dei tedeschi che visitano Fuerteventura \u00e8 di 48 anni e quasi la met\u00e0 di loro viaggia in coppia ma senza figli. La motivazione principale che spinge i tedeschi a recarsi a Fuerteventura \u00e8 il relax e l&#8217;interazione con la natura, il patrimonio, la cultura e le usanze locali.   <\/p>\n<\/div>\n","protected":false},"excerpt":{"rendered":"<p>18 luglio 2025 La delegazione di albergatori di Maiorca verifica &#8220;di persona&#8221; il buon andamento delle prenotazioni alla Conferenza Professionale organizzata da Tourism in quattro citt\u00e0 tedesche. Marlene Figueroa: &#8220;Questa [&hellip;]<\/p>\n","protected":false},"author":1,"featured_media":8028,"comment_status":"open","ping_status":"open","sticky":false,"template":"","format":"standard","meta":{"inline_featured_image":false,"jnews-multi-image_gallery":[],"jnews_single_post":[],"jnews_primary_category":[],"jnews_social_meta":[],"jnews_override_counter":[],"jnews_post_split":[],"footnotes":""},"categories":[289],"tags":[223],"class_list":["post-8032","post","type-post","status-publish","format-standard","has-post-thumbnail","hentry","category-cabildo-it","tag-fuerteventura-it"],"jetpack_featured_media_url":"https:\/\/informacionlocal.es\/wp-content\/uploads\/2025\/07\/ddddf.jpeg","_links":{"self":[{"href":"https:\/\/informacionlocal.es\/it\/wp-json\/wp\/v2\/posts\/8032","targetHints":{"allow":["GET"]}}],"collection":[{"href":"https:\/\/informacionlocal.es\/it\/wp-json\/wp\/v2\/posts"}],"about":[{"href":"https:\/\/informacionlocal.es\/it\/wp-json\/wp\/v2\/types\/post"}],"author":[{"embeddable":true,"href":"https:\/\/informacionlocal.es\/it\/wp-json\/wp\/v2\/users\/1"}],"replies":[{"embeddable":true,"href":"https:\/\/informacionlocal.es\/it\/wp-json\/wp\/v2\/comments?post=8032"}],"version-history":[{"count":0,"href":"https:\/\/informacionlocal.es\/it\/wp-json\/wp\/v2\/posts\/8032\/revisions"}],"wp:featuredmedia":[{"embeddable":true,"href":"https:\/\/informacionlocal.es\/it\/wp-json\/wp\/v2\/media\/8028"}],"wp:attachment":[{"href":"https:\/\/informacionlocal.es\/it\/wp-json\/wp\/v2\/media?parent=8032"}],"wp:term":[{"taxonomy":"category","embeddable":true,"href":"https:\/\/informacionlocal.es\/it\/wp-json\/wp\/v2\/categories?post=8032"},{"taxonomy":"post_tag","embeddable":true,"href":"https:\/\/informacionlocal.es\/it\/wp-json\/wp\/v2\/tags?post=8032"}],"curies":[{"name":"wp","href":"https:\/\/api.w.org\/{rel}","templated":true}]}}