{"id":8018,"date":"2025-07-18T22:59:25","date_gmt":"2025-07-18T21:59:25","guid":{"rendered":"https:\/\/informacionlocal.es\/la-strada-pajara-ajuy-ha-ora-una-nuova-segnaletica-stradale-allavanguardia\/"},"modified":"2025-07-18T22:59:25","modified_gmt":"2025-07-18T21:59:25","slug":"la-strada-pajara-ajuy-ha-ora-una-nuova-segnaletica-stradale-allavanguardia","status":"publish","type":"post","link":"https:\/\/informacionlocal.es\/it\/la-strada-pajara-ajuy-ha-ora-una-nuova-segnaletica-stradale-allavanguardia\/","title":{"rendered":"La strada P\u00e1jara-Ajuy ha ora una nuova segnaletica stradale all&#8217;avanguardia."},"content":{"rendered":"<div class=\"entry-content\"><strong>18 luglio 2025<\/strong><\/p>\n<p><em><strong>Roads incorpora elementi con nanoparticelle di carbonio, NANOTEC, all&#8217;FV-621, che \u00e8 pi\u00f9 resistente alla corrosione.<\/strong><\/em><\/p>\n<p>Il Cabildo de Fuerteventura, dal Servizio Strade, ha proceduto alla modifica della segnaletica stradale verticale sulla FV-621, che collega P\u00e1jara con Ajuy. I nuovi elementi di sicurezza stradale sono realizzati con materiali di ultima generazione a base di nanoparticelle di carbonio. La segnaletica stradale viene ora sostituita con nuovi lampeggianti e delimitatori.  <\/p>\n<p>Blas Acosta, Assessore alle Strade, sottolinea che &#8220;l&#8217;obiettivo principale \u00e8 avere una rete di strade sicure&#8221; per facilitare la mobilit\u00e0 di persone, merci e servizi in tutta l&#8217;isola.<\/p>\n<p>&#8220;Il benessere sociale e la qualit\u00e0 della vita a Fuerteventura sono legati allo sviluppo di un&#8217;economia locale sana che genera ricchezza, quindi dal Cabildo prestiamo particolare attenzione a tutto ci\u00f2 che favorisce questo sviluppo, specialmente le infrastrutture pubbliche&#8221;, afferma Blas Acosta.<\/p>\n<p>La sostituzione dei segnali verticali che coprono l&#8217;FV-621 \u00e8 un buon esempio di questa politica. I precedenti avevano una scarsa riflettenza e visibilit\u00e0 a causa della corrosione marina. I nuovi cartelli NANOTEC sono in grado di resistere all&#8217;ambiente marino (pi\u00f9 aggressivo e corrosivo) e agli urti, riducendo i costi di manutenzione e la durata.  <\/p>\n<p>Le insegne NANOTEC incorporano nanoparticelle di carbonio in un composito di fibre e resina, che aumenta le caratteristiche meccaniche dell&#8217;insegna e la rende pi\u00f9 leggera rispetto alle insegne in acciaio o alluminio. Inoltre, superano con risultati migliori i test regolamentari di resistenza alla trazione, alla rottura, all&#8217;elasticit\u00e0 e alla durata. <\/p>\n<p>Per quanto riguarda la segnaletica della FV-621, durante il mese di luglio il Servizio Strade sostituir\u00e0 anche tutti i lampeggianti &#8220;occhi di gatto&#8221; e proceder\u00e0 all&#8217;installazione di delineatori di margine e di barriera, a tal fine verranno risistemati gli indicatori chilometrici tra P\u00e1jara e Ajuy.<\/p>\n<\/div>\n","protected":false},"excerpt":{"rendered":"<p>18 luglio 2025 Roads incorpora elementi con nanoparticelle di carbonio, NANOTEC, all&#8217;FV-621, che \u00e8 pi\u00f9 resistente alla corrosione. Il Cabildo de Fuerteventura, dal Servizio Strade, ha proceduto alla modifica della [&hellip;]<\/p>\n","protected":false},"author":1,"featured_media":8016,"comment_status":"open","ping_status":"open","sticky":false,"template":"","format":"standard","meta":{"inline_featured_image":false,"jnews-multi-image_gallery":[],"jnews_single_post":[],"jnews_primary_category":[],"jnews_social_meta":[],"jnews_override_counter":[],"jnews_post_split":[],"footnotes":""},"categories":[289],"tags":[223],"class_list":["post-8018","post","type-post","status-publish","format-standard","has-post-thumbnail","hentry","category-cabildo-it","tag-fuerteventura-it"],"jetpack_featured_media_url":"https:\/\/informacionlocal.es\/wp-content\/uploads\/2025\/07\/ajuy2.jpeg","_links":{"self":[{"href":"https:\/\/informacionlocal.es\/it\/wp-json\/wp\/v2\/posts\/8018","targetHints":{"allow":["GET"]}}],"collection":[{"href":"https:\/\/informacionlocal.es\/it\/wp-json\/wp\/v2\/posts"}],"about":[{"href":"https:\/\/informacionlocal.es\/it\/wp-json\/wp\/v2\/types\/post"}],"author":[{"embeddable":true,"href":"https:\/\/informacionlocal.es\/it\/wp-json\/wp\/v2\/users\/1"}],"replies":[{"embeddable":true,"href":"https:\/\/informacionlocal.es\/it\/wp-json\/wp\/v2\/comments?post=8018"}],"version-history":[{"count":0,"href":"https:\/\/informacionlocal.es\/it\/wp-json\/wp\/v2\/posts\/8018\/revisions"}],"wp:featuredmedia":[{"embeddable":true,"href":"https:\/\/informacionlocal.es\/it\/wp-json\/wp\/v2\/media\/8016"}],"wp:attachment":[{"href":"https:\/\/informacionlocal.es\/it\/wp-json\/wp\/v2\/media?parent=8018"}],"wp:term":[{"taxonomy":"category","embeddable":true,"href":"https:\/\/informacionlocal.es\/it\/wp-json\/wp\/v2\/categories?post=8018"},{"taxonomy":"post_tag","embeddable":true,"href":"https:\/\/informacionlocal.es\/it\/wp-json\/wp\/v2\/tags?post=8018"}],"curies":[{"name":"wp","href":"https:\/\/api.w.org\/{rel}","templated":true}]}}