{"id":8008,"date":"2025-07-18T21:58:44","date_gmt":"2025-07-18T20:58:44","guid":{"rendered":"https:\/\/informacionlocal.es\/puerto-del-rosario-e-alla-ricerca-di-nuove-voci-il-28-settembre-torna-il-festival-de-la-cancion\/"},"modified":"2025-07-18T21:58:44","modified_gmt":"2025-07-18T20:58:44","slug":"puerto-del-rosario-e-alla-ricerca-di-nuove-voci-il-28-settembre-torna-il-festival-de-la-cancion","status":"publish","type":"post","link":"https:\/\/informacionlocal.es\/it\/puerto-del-rosario-e-alla-ricerca-di-nuove-voci-il-28-settembre-torna-il-festival-de-la-cancion\/","title":{"rendered":"Puerto del Rosario \u00e8 alla ricerca di nuove voci: il 28 settembre torna il Festival de la Canci\u00f3n"},"content":{"rendered":"<div class=\"entry-content\">\n<p><strong>Chi \u00e8 interessato a partecipare pu\u00f2 iscriversi dal 21 luglio al 3 agosto tramite il sito ufficiale dell&#8217;evento: <\/strong><strong>lanuevasaga.com<\/strong><strong>.<\/strong><\/p>\n<p>Il Comune di Puerto del Rosario, attraverso l&#8217;Assessorato alle Feste, annuncia l&#8217;apertura delle iscrizioni alla <strong>VII edizione del Festival della Canzone di Puerto del Rosario<\/strong>, un evento che si \u00e8 affermato come uno dei grandi appuntamenti musicali e festivi del Comune.<\/p>\n<p>Chi \u00e8 interessato a partecipare pu\u00f2 iscriversi dal <strong>21 luglio al 3 agosto<\/strong> tramite il sito ufficiale dell&#8217;evento: www.lanuevasaga.com. Il festival si svolger\u00e0 il <strong>28 settembre<\/strong> e promette di essere una serata ricca di emozioni, talento e buona musica. <\/p>\n<p>Il concorso prevede due categorie di partecipazione &#8211; Adulti<strong>e Junior &#8211;<\/strong>e offre un&#8217;interessante distribuzione di premi:<\/p>\n<ul>\n<li><strong>Primo premio<\/strong>: 1.000 \u20ac.<\/li>\n<li><strong>Secondo premio<\/strong>: 500 \u20ac<br \/><em>(in entrambe le categorie)<\/em><\/li>\n<\/ul>\n<p>Come nelle precedenti edizioni, i partecipanti saranno accompagnati dal vivo dalla band <strong>Son de Aqu\u00ed y All\u00e1<\/strong>, un elemento distintivo che aggiunge valore scenico e musicale allo spettacolo e rende questa esperienza una piattaforma unica per la scoperta e la promozione dei talenti locali.<\/p>\n<p>Il sindaco di Puerto del Rosario, <strong>David de Vera<\/strong>, ha sottolineato la rilevanza dell&#8217;evento: <em>&#8220;questo festival non \u00e8 solo un&#8217;espressione del talento musicale che fiorisce sulla nostra isola, ma anche un&#8217;opportunit\u00e0 per celebrare la creativit\u00e0, la passione artistica e l&#8217;unione della nostra comunit\u00e0 intorno alla musica&#8221;.<\/em><\/p>\n<p>Da parte sua, l&#8217;assessore alle Feste, <strong>Tacoremi Guti\u00e9rrez<\/strong>, ha invitato il pubblico a partecipare a questa esperienza:  <em>&#8220;Dal Comune continuiamo a promuovere iniziative che diano voce ai nostri artisti. Il Festival della canzone   <\/em><em>\u00e8 uno spazio di incontro intergenerazionale e una vetrina per l&#8217;illusione, lo sforzo e l&#8217;arte condivisa&#8221;.<\/em><\/p>\n<p>Come grande novit\u00e0, questa edizione vedr\u00e0 la partecipazione di un <strong>artista ospite<\/strong>, che avr\u00e0 il compito di chiudere il festival con una performance molto speciale, dando cos\u00ec il tocco finale a una serata che si preannuncia indimenticabile.<\/p>\n<p>Organizzato dal Dipartimento delle Feste del Municipio di Puerto del Rosario, il Festival de la Canci\u00f3n ribadisce il suo impegno nella promozione della cultura, della musica e del talento nel comune e in tutta Fuerteventura.<\/p>\n<p><strong>Venite e partecipate! Puerto del Rosario vi aspetta per far sentire la vostra voce pi\u00f9 forte che mai. <\/strong><\/p>\n<\/div>\n","protected":false},"excerpt":{"rendered":"<p>Chi \u00e8 interessato a partecipare pu\u00f2 iscriversi dal 21 luglio al 3 agosto tramite il sito ufficiale dell&#8217;evento: lanuevasaga.com. Il Comune di Puerto del Rosario, attraverso l&#8217;Assessorato alle Feste, annuncia [&hellip;]<\/p>\n","protected":false},"author":1,"featured_media":8004,"comment_status":"open","ping_status":"open","sticky":false,"template":"","format":"standard","meta":{"inline_featured_image":false,"jnews-multi-image_gallery":[],"jnews_single_post":[],"jnews_primary_category":[],"jnews_social_meta":[],"jnews_override_counter":[],"jnews_post_split":[],"footnotes":""},"categories":[295],"tags":[223],"class_list":["post-8008","post","type-post","status-publish","format-standard","has-post-thumbnail","hentry","category-puerto-del-rosario-it","tag-fuerteventura-it"],"jetpack_featured_media_url":"https:\/\/informacionlocal.es\/wp-content\/uploads\/2025\/07\/festival-titu-de-la-cancion-24-cantante-2.jpg","_links":{"self":[{"href":"https:\/\/informacionlocal.es\/it\/wp-json\/wp\/v2\/posts\/8008","targetHints":{"allow":["GET"]}}],"collection":[{"href":"https:\/\/informacionlocal.es\/it\/wp-json\/wp\/v2\/posts"}],"about":[{"href":"https:\/\/informacionlocal.es\/it\/wp-json\/wp\/v2\/types\/post"}],"author":[{"embeddable":true,"href":"https:\/\/informacionlocal.es\/it\/wp-json\/wp\/v2\/users\/1"}],"replies":[{"embeddable":true,"href":"https:\/\/informacionlocal.es\/it\/wp-json\/wp\/v2\/comments?post=8008"}],"version-history":[{"count":0,"href":"https:\/\/informacionlocal.es\/it\/wp-json\/wp\/v2\/posts\/8008\/revisions"}],"wp:featuredmedia":[{"embeddable":true,"href":"https:\/\/informacionlocal.es\/it\/wp-json\/wp\/v2\/media\/8004"}],"wp:attachment":[{"href":"https:\/\/informacionlocal.es\/it\/wp-json\/wp\/v2\/media?parent=8008"}],"wp:term":[{"taxonomy":"category","embeddable":true,"href":"https:\/\/informacionlocal.es\/it\/wp-json\/wp\/v2\/categories?post=8008"},{"taxonomy":"post_tag","embeddable":true,"href":"https:\/\/informacionlocal.es\/it\/wp-json\/wp\/v2\/tags?post=8008"}],"curies":[{"name":"wp","href":"https:\/\/api.w.org\/{rel}","templated":true}]}}