{"id":7995,"date":"2025-07-18T21:03:32","date_gmt":"2025-07-18T20:03:32","guid":{"rendered":"https:\/\/informacionlocal.es\/il-cabildo-completa-la-ristrutturazione-del-mercato-delle-tradizioni-di-la-oliva\/"},"modified":"2025-07-18T21:03:32","modified_gmt":"2025-07-18T20:03:32","slug":"il-cabildo-completa-la-ristrutturazione-del-mercato-delle-tradizioni-di-la-oliva","status":"publish","type":"post","link":"https:\/\/informacionlocal.es\/it\/il-cabildo-completa-la-ristrutturazione-del-mercato-delle-tradizioni-di-la-oliva\/","title":{"rendered":"Il Cabildo completa la ristrutturazione del Mercato delle Tradizioni di La Oliva"},"content":{"rendered":"<div class=\"entry-content\"><strong>18 luglio 2025<\/strong><\/p>\n<p><em><strong>Il progetto fa parte del programma di sviluppo sostenibile &#8220;Fuerte por Naturaleza&#8221; del Dipartimento del Turismo, con miglioramenti chiave in termini di accessibilit\u00e0 e sostenibilit\u00e0.<\/strong><\/em><\/p>\n<p>Il Consiglio dell&#8217;Isola di Fuerteventura ha completato i lavori di ristrutturazione del mercato della Casa del Coronel a La Oliva, nell&#8217;ambito del Piano di Sostenibilit\u00e0 Turistica per le Destinazioni &#8220;Fuerte por Naturaleza&#8221; del Dipartimento del Turismo. I lavori hanno comportato un investimento di 257.582 euro. <\/p>\n<p>Con il completamento di questo progetto, &#8220;si rafforza la funzionalit\u00e0 e la competitivit\u00e0 di uno spazio fondamentale per il commercio locale e la promozione della cultura e della gastronomia Majorero&#8221;, spiega la presidente del Cabildo, Lola Garc\u00eda.<\/p>\n<p>L&#8217;assessore al Turismo, Marlene Figueroa, ha sottolineato i buoni risultati di un&#8217;opera che ha permesso di modernizzare un&#8217;enclave importante per residenti e visitatori. Sono state garantite maggiore accessibilit\u00e0, sostenibilit\u00e0 e funzionalit\u00e0. <\/p>\n<p>Sia Garc\u00eda che Figueroa sottolineano il coordinamento stabilito con il Comune di La Oliva nell&#8217;ambito di questo piano, che ha permesso di promuovere questo e altri progetti per aumentare l&#8217;attrattiva turistica del comune. &#8220;Questo stesso coordinamento \u00e8 stato portato in tutti i comuni, &#8220;con l&#8217;obiettivo comune di avere un modello turistico pi\u00f9 sostenibile, coeso e competitivo&#8221;, afferma Figueroa. <\/p>\n<p>Questo coordinamento ha permesso di estendere le azioni del PSTD &#8220;Fuerte por Natturaleza&#8221;, un piano da oltre 9,1 milioni di euro, finanziato dal programma &#8220;Next Generation EU&#8221; nell&#8217;ambito del Piano di Recupero, Trasformazione e Resilienza (PRTR) della Spagna. Nell&#8217;ambito del PSTD &#8220;Fuerte por Naturaleza&#8221;, sono gi\u00e0 stati portati a termine importanti progetti, come il restauro della Torre del Tost\u00f3n a Cotillo, la ristrutturazione del lungomare di Puerto del Rosario, l&#8217;installazione di tettoie fotovoltaiche nei sei comuni e interventi per la creazione di zone d&#8217;ombra e il miglioramento della raccolta dei rifiuti sulle spiagge, tra gli altri. <\/p>\n<\/div>\n","protected":false},"excerpt":{"rendered":"<p>18 luglio 2025 Il progetto fa parte del programma di sviluppo sostenibile &#8220;Fuerte por Naturaleza&#8221; del Dipartimento del Turismo, con miglioramenti chiave in termini di accessibilit\u00e0 e sostenibilit\u00e0. Il Consiglio [&hellip;]<\/p>\n","protected":false},"author":1,"featured_media":7992,"comment_status":"open","ping_status":"open","sticky":false,"template":"","format":"standard","meta":{"inline_featured_image":false,"jnews-multi-image_gallery":[],"jnews_single_post":[],"jnews_primary_category":[],"jnews_social_meta":[],"jnews_override_counter":[],"jnews_post_split":[],"footnotes":""},"categories":[289],"tags":[202,223,226],"class_list":["post-7995","post","type-post","status-publish","format-standard","has-post-thumbnail","hentry","category-cabildo-it","tag-comuni","tag-fuerteventura-it","tag-turismo-it"],"jetpack_featured_media_url":"https:\/\/informacionlocal.es\/wp-content\/uploads\/2025\/07\/ca.jpeg","_links":{"self":[{"href":"https:\/\/informacionlocal.es\/it\/wp-json\/wp\/v2\/posts\/7995","targetHints":{"allow":["GET"]}}],"collection":[{"href":"https:\/\/informacionlocal.es\/it\/wp-json\/wp\/v2\/posts"}],"about":[{"href":"https:\/\/informacionlocal.es\/it\/wp-json\/wp\/v2\/types\/post"}],"author":[{"embeddable":true,"href":"https:\/\/informacionlocal.es\/it\/wp-json\/wp\/v2\/users\/1"}],"replies":[{"embeddable":true,"href":"https:\/\/informacionlocal.es\/it\/wp-json\/wp\/v2\/comments?post=7995"}],"version-history":[{"count":0,"href":"https:\/\/informacionlocal.es\/it\/wp-json\/wp\/v2\/posts\/7995\/revisions"}],"wp:featuredmedia":[{"embeddable":true,"href":"https:\/\/informacionlocal.es\/it\/wp-json\/wp\/v2\/media\/7992"}],"wp:attachment":[{"href":"https:\/\/informacionlocal.es\/it\/wp-json\/wp\/v2\/media?parent=7995"}],"wp:term":[{"taxonomy":"category","embeddable":true,"href":"https:\/\/informacionlocal.es\/it\/wp-json\/wp\/v2\/categories?post=7995"},{"taxonomy":"post_tag","embeddable":true,"href":"https:\/\/informacionlocal.es\/it\/wp-json\/wp\/v2\/tags?post=7995"}],"curies":[{"name":"wp","href":"https:\/\/api.w.org\/{rel}","templated":true}]}}