{"id":7971,"date":"2025-07-18T18:58:21","date_gmt":"2025-07-18T17:58:21","guid":{"rendered":"https:\/\/informacionlocal.es\/la-rabiosa-orchesta-questo-sabato-a-el-castillo\/"},"modified":"2025-07-18T18:58:21","modified_gmt":"2025-07-18T17:58:21","slug":"la-rabiosa-orchesta-questo-sabato-a-el-castillo","status":"publish","type":"post","link":"https:\/\/informacionlocal.es\/it\/la-rabiosa-orchesta-questo-sabato-a-el-castillo\/","title":{"rendered":"La Rabiosa Orchesta questo sabato a El Castillo"},"content":{"rendered":"<div class=\"elementor-widget-container\">\n<p><strong>La Rabiosa Orchesta questo sabato a El Castillo<\/strong><\/p>\n<p><strong>&#8211; Il programma estivo El Castillo es M\u00fasica y Diversi\u00f3n prosegue questo sabato 19 luglio dalle 17:00 alle 20:00 nella Plaza Frasquita, accanto all&#8217;area commerciale Happy Center.<\/strong><\/p>\n<p>Il Municipio di Antigua del Dipartimento del Commercio organizza l&#8217;iniziativa di strada e dinamica El Castillo es m\u00fasica y Diversi\u00f3n, con la collaborazione del Cabildo de Fuerteventura.<\/p>\n<p>Questo sabato 19 luglio dalle ore 17:00 alle ore 20:00 in Plaza Frasquita, accanto all&#8217;area commerciale Happy Center, dice l&#8217;Assessore al Commercio, Giuseppe Signorino, troveremo nella nostra passeggiata o visita alla citt\u00e0, l&#8217;esibizione dal vivo e in strada de La Rabiosa Orchesta, con divertenti e noti brani Rock &amp; Roll.<\/p>\n<p>L&#8217;idea \u00e8 quella di invitare le persone a scendere in strada, a passeggiare e a godersi le aree pedonali di Caleta de Fuste, offrendo sorprese musicali come questo spettacolo dal vivo in strada, dice l&#8217;assessore Signorino, invitando a conoscere le aree commerciali e locali e i vari stabilimenti di questa citt\u00e0.<\/p>\n<p>El Castillo vive un&#8217;estate di eventi, feste per bambini, mercatini e spettacoli musicali, dice il sindaco, Mat\u00edas Pe\u00f1a, come quello di questo sabato, che offre un evento unico per i residenti e i turisti che visitano la citt\u00e0 in questi giorni.<\/p>\n<\/p>\n<\/div>\n","protected":false},"excerpt":{"rendered":"<p><strong>La Rabiosa Orchesta questo sabato a El Castillo<\/strong><\/p>\n","protected":false},"author":1,"featured_media":7968,"comment_status":"open","ping_status":"open","sticky":false,"template":"","format":"standard","meta":{"inline_featured_image":false,"jnews-multi-image_gallery":[],"jnews_single_post":[],"jnews_primary_category":[],"jnews_social_meta":[],"jnews_override_counter":[],"jnews_post_split":[],"footnotes":""},"categories":[282],"tags":[308,223],"class_list":["post-7971","post","type-post","status-publish","format-standard","has-post-thumbnail","hentry","category-antigua-it","tag-eventos-it","tag-fuerteventura-it"],"jetpack_featured_media_url":"https:\/\/informacionlocal.es\/wp-content\/uploads\/2025\/07\/castillo-musica-diversioncastillomusica3-1-scaled-1.png","_links":{"self":[{"href":"https:\/\/informacionlocal.es\/it\/wp-json\/wp\/v2\/posts\/7971","targetHints":{"allow":["GET"]}}],"collection":[{"href":"https:\/\/informacionlocal.es\/it\/wp-json\/wp\/v2\/posts"}],"about":[{"href":"https:\/\/informacionlocal.es\/it\/wp-json\/wp\/v2\/types\/post"}],"author":[{"embeddable":true,"href":"https:\/\/informacionlocal.es\/it\/wp-json\/wp\/v2\/users\/1"}],"replies":[{"embeddable":true,"href":"https:\/\/informacionlocal.es\/it\/wp-json\/wp\/v2\/comments?post=7971"}],"version-history":[{"count":0,"href":"https:\/\/informacionlocal.es\/it\/wp-json\/wp\/v2\/posts\/7971\/revisions"}],"wp:featuredmedia":[{"embeddable":true,"href":"https:\/\/informacionlocal.es\/it\/wp-json\/wp\/v2\/media\/7968"}],"wp:attachment":[{"href":"https:\/\/informacionlocal.es\/it\/wp-json\/wp\/v2\/media?parent=7971"}],"wp:term":[{"taxonomy":"category","embeddable":true,"href":"https:\/\/informacionlocal.es\/it\/wp-json\/wp\/v2\/categories?post=7971"},{"taxonomy":"post_tag","embeddable":true,"href":"https:\/\/informacionlocal.es\/it\/wp-json\/wp\/v2\/tags?post=7971"}],"curies":[{"name":"wp","href":"https:\/\/api.w.org\/{rel}","templated":true}]}}