{"id":7959,"date":"2025-07-18T17:59:45","date_gmt":"2025-07-18T16:59:45","guid":{"rendered":"https:\/\/informacionlocal.es\/rime-e-versi-risuoneranno-al-20-incontro-internazionale-di-improvvisatori-nel-centro-storico-di-corralejo\/"},"modified":"2025-07-18T17:59:45","modified_gmt":"2025-07-18T16:59:45","slug":"rime-e-versi-risuoneranno-al-20-incontro-internazionale-di-improvvisatori-nel-centro-storico-di-corralejo","status":"publish","type":"post","link":"https:\/\/informacionlocal.es\/it\/rime-e-versi-risuoneranno-al-20-incontro-internazionale-di-improvvisatori-nel-centro-storico-di-corralejo\/","title":{"rendered":"Rime e versi risuoneranno al 20\u00b0 Incontro Internazionale di Improvvisatori nel centro storico di Corralejo."},"content":{"rendered":"<div class=\"entry-content\"><strong>18 luglio 2025<\/strong><\/p>\n<p>Il XX Incontro Internazionale di Improvvisatori del Centro Storico di Corralejo si terr\u00e0 sabato 19 luglio, alle 12.30 nel Muellito de Corralejo e alle 20.00 nel recinto annesso al padiglione Jos\u00e9 Perdomo Umpierrez. Questo evento, giunto alla sua ventesima edizione, vede la partecipazione di eccellenti musicisti, cantanti e artisti di versi delle Canarie, con rappresentanze di tutte le isole e internazionali. <\/p>\n<p>Il sindaco di La Oliva, Isa\u00ed Blanco, ha dichiarato: &#8220;Ancora una volta si svolge questo evento culturale, in cui l&#8217;improvvisazione e le rime servono come veicolo per la lotta per la visibilit\u00e0 del centro storico di Corralejo e per la giustizia della nostra citt\u00e0&#8221;.<\/p>\n<p>L&#8217;assessore alla Cultura, Rayco Le\u00f3n, ha sottolineato che &#8220;quando una citt\u00e0 \u00e8 unita, \u00e8 in grado di vincere le battaglie. Corralejo ne \u00e8 un chiaro esempio e dobbiamo continuare a promuoverlo&#8221;. Ha inoltre espresso la sua gratitudine per il fatto che &#8220;la cultura sia stata scelta per dare visibilit\u00e0 e forza a una causa che ha compiuto passi importanti nella difesa della popolazione di Corralejo, consolidandosi in ambito giudiziario&#8221;. <\/p>\n<p>Alla presentazione dell&#8217;evento erano presenti anche l&#8217;Assessore alle Feste del Comune di La Oliva, Omaira Saavedra, l&#8217;Assessore al Turismo, Marlene Figueroa, e il portavoce del PP nel Cabildo, Claudio Guti\u00e9rrez, tra le altre autorit\u00e0.<\/p>\n<p>A nome del Colectivo de Afectados por el Casco Viejo de Corralejo, Gregorio Ben\u00edtez e Miguel Socorro hanno ringraziato tutte le istituzioni e gli improvvisatori per continuare a sostenere la popolazione di Corralejo in questa lotta. Nemmeno la pandemia ha fermato l&#8217;edizione 2020, che si \u00e8 svolta virtualmente e che ha riunito attraverso le reti la pi\u00f9 grande partecipazione mai vista, cos\u00ec come la stessa edizione ha riunito molti dei partecipanti delle edizioni precedenti. Il seguito del pubblico \u00e8 stato massiccio in tutte le edizioni, dato che questa causa sociale e giusta \u00e8 sostenuta dalla popolazione di Maiorca, oltre alla qualit\u00e0 artistica di tutte le edizioni. L&#8217;evento \u00e8 stato anche uno straordinario terreno di coltura in cui molti degli improvvisatori che si stanno consolidando come successori delle generazioni precedenti hanno potuto muovere i primi passi sul palcoscenico.   <\/p>\n<p>La 20\u00aa edizione sar\u00e0 speciale, con un&#8217;ampia rappresentanza di improvvisatori, musicisti e cantanti provenienti da diverse isole e una delegazione internazionale dall&#8217;isola di Cuba e dalla Colombia. Saranno presenti anche le voci caraibiche di Ana Marys Gil ed Emiliano Sardi\u00f1as, il trovatore colombiano abituale Radioloco e il poeta cubano Ra\u00fal Herrera, presente alla prima edizione. <\/p>\n<p>Per l&#8217;Arcipelago parteciperanno Domingo Umpi\u00e9rrez El Cuco, Domingo Rodr\u00edguez El Colorao, Jos\u00e9 Mar\u00eda D\u00e1vila, Elena Gonz\u00e1lez, Luis Carballo, Adri\u00e1n Henr\u00edquez, Jos\u00e9 Yeray Rodr\u00edguez, Adriana Medina, Luz Mila Valer\u00f3n, Julia Rodr\u00edguez, Marey Mart\u00edn, Silvestre Ram\u00edrez e Isidro Ram\u00edrez.<\/p>\n<p>Questo evento \u00e8 organizzato dalla Fondazione Ocho S\u00edlabas e dal gruppo di persone colpite La Raz\u00f3n de un Pueblo por el Casco Viejo de Corralejo, con il sostegno del Cabildo de Fuerteventura e del Municipio di La Oliva.<\/p>\n<\/div>\n","protected":false},"excerpt":{"rendered":"<p>18 luglio 2025 Il XX Incontro Internazionale di Improvvisatori del Centro Storico di Corralejo si terr\u00e0 sabato 19 luglio, alle 12.30 nel Muellito de Corralejo e alle 20.00 nel recinto [&hellip;]<\/p>\n","protected":false},"author":1,"featured_media":7956,"comment_status":"open","ping_status":"open","sticky":false,"template":"","format":"standard","meta":{"inline_featured_image":false,"jnews-multi-image_gallery":[],"jnews_single_post":[],"jnews_primary_category":[],"jnews_social_meta":[],"jnews_override_counter":[],"jnews_post_split":[],"footnotes":""},"categories":[289],"tags":[223],"class_list":["post-7959","post","type-post","status-publish","format-standard","has-post-thumbnail","hentry","category-cabildo-it","tag-fuerteventura-it"],"jetpack_featured_media_url":"https:\/\/informacionlocal.es\/wp-content\/uploads\/2025\/07\/corralejo.jpeg","_links":{"self":[{"href":"https:\/\/informacionlocal.es\/it\/wp-json\/wp\/v2\/posts\/7959","targetHints":{"allow":["GET"]}}],"collection":[{"href":"https:\/\/informacionlocal.es\/it\/wp-json\/wp\/v2\/posts"}],"about":[{"href":"https:\/\/informacionlocal.es\/it\/wp-json\/wp\/v2\/types\/post"}],"author":[{"embeddable":true,"href":"https:\/\/informacionlocal.es\/it\/wp-json\/wp\/v2\/users\/1"}],"replies":[{"embeddable":true,"href":"https:\/\/informacionlocal.es\/it\/wp-json\/wp\/v2\/comments?post=7959"}],"version-history":[{"count":0,"href":"https:\/\/informacionlocal.es\/it\/wp-json\/wp\/v2\/posts\/7959\/revisions"}],"wp:featuredmedia":[{"embeddable":true,"href":"https:\/\/informacionlocal.es\/it\/wp-json\/wp\/v2\/media\/7956"}],"wp:attachment":[{"href":"https:\/\/informacionlocal.es\/it\/wp-json\/wp\/v2\/media?parent=7959"}],"wp:term":[{"taxonomy":"category","embeddable":true,"href":"https:\/\/informacionlocal.es\/it\/wp-json\/wp\/v2\/categories?post=7959"},{"taxonomy":"post_tag","embeddable":true,"href":"https:\/\/informacionlocal.es\/it\/wp-json\/wp\/v2\/tags?post=7959"}],"curies":[{"name":"wp","href":"https:\/\/api.w.org\/{rel}","templated":true}]}}