{"id":7876,"date":"2025-07-17T22:58:23","date_gmt":"2025-07-17T21:58:23","guid":{"rendered":"https:\/\/informacionlocal.es\/la-promozione-culturale-ad-antigua-e-sostenuta-con-45-000-euro-di-sovvenzioni-per-le-associazioni\/"},"modified":"2025-07-17T22:58:23","modified_gmt":"2025-07-17T21:58:23","slug":"la-promozione-culturale-ad-antigua-e-sostenuta-con-45-000-euro-di-sovvenzioni-per-le-associazioni","status":"publish","type":"post","link":"https:\/\/informacionlocal.es\/it\/la-promozione-culturale-ad-antigua-e-sostenuta-con-45-000-euro-di-sovvenzioni-per-le-associazioni\/","title":{"rendered":"La promozione culturale ad Antigua \u00e8 sostenuta con 45.000 euro di sovvenzioni per le associazioni."},"content":{"rendered":"<div class=\"elementor-widget-container\">\n<p><strong>La promozione culturale ad Antigua \u00e8 sostenuta con 45.000 euro di sovvenzioni per le associazioni.<\/strong><\/p>\n<p><strong>&#8211; La scadenza per le domande di sovvenzione \u00e8 il 29 luglio compreso.<\/strong><br \/><strong>&#8211; L&#8217;obiettivo \u00e8 promuovere attivit\u00e0 legate a mostre, edizioni musicali, registrazioni di cortometraggi, laboratori o scuole di cultura, eventi, viaggi e qualsiasi attivit\u00e0 volta a promuovere la creativit\u00e0 e la partecipazione del quartiere.<\/strong><\/p>\n<p>L&#8217;Ayuntamiento de Antigua del Dipartimento di Cultura ricorda che dopo la pubblicazione questa settimana nel BOP Las Palmas n\u00fam.84, del Bando per la concessione di sovvenzioni rivolte alle associazioni socio-culturali del Comune di Antigua, 2025, il termine per la presentazione delle domande \u00e8 aperto fino al 29 luglio, incluso, tramite Registro di Iscrizione.<\/p>\n<p>L&#8217;Assessorato alla Cultura del Comune, secondo il consigliere di zona Jonathan Pe\u00f1a, stanzia 45.000 euro per sostenere le attivit\u00e0 che le associazioni culturali, le associazioni di quartiere, i gruppi, le associazioni o le Ampas svolgono nel territorio comunale.<\/p>\n<p>E l&#8217;assessore aggiunge: attivit\u00e0 didattiche e artistiche, mostre, eventi, gite, spettacoli teatrali, concerti, insomma, vogliamo promuovere l&#8217;attivit\u00e0 culturale in ogni citt\u00e0 e paese del Comune, con questo sostegno finanziario che \u00e8 un modo diretto per sostenere tutte le proposte.<\/p>\n<p>Siamo o dovremmo essere cultura, sia per goderne che per promuoverne le proposte&#8221;, afferma il sindaco di Antigua, Mat\u00edas Pe\u00f1a, che si congratula per il lavoro che sta svolgendo in questo senso il team del Comune, non solo con questa sovvenzione ma anche con i numerosi eventi organizzati, mantenendo una Scuola Comunale di Musica, un ciclo di narrazione orale, teatro e laboratori nei centri culturali, oltre a concerti ed eventi letterari.<\/p>\n<p>Le basi, i requisiti e il modulo di candidatura per il presente bando possono essere consultati sul sito web ufficiale e presso i suddetti uffici, nonch\u00e9 presso la Biblioteca Comunale di Antigua o i centri culturali di Agua de Bueyes, Valles de Ortega, Casillas de Morales, Triquivijate e Caleta de Fuste. Le domande devono essere presentate tramite il Registro delle iscrizioni presso il Municipio di Antigua, l&#8217;Ufficio del Sindaco a Caleta de Fuste o tramite il sito elettronico www.ayto-antigua.es. <\/p>\n<\/div>\n","protected":false},"excerpt":{"rendered":"<p><strong>La promozione culturale ad Antigua \u00e8 sostenuta con 45.000 euro di sovvenzioni per le associazioni.<\/strong><\/p>\n","protected":false},"author":1,"featured_media":7872,"comment_status":"open","ping_status":"open","sticky":false,"template":"","format":"standard","meta":{"inline_featured_image":false,"jnews-multi-image_gallery":[],"jnews_single_post":[],"jnews_primary_category":[],"jnews_social_meta":[],"jnews_override_counter":[],"jnews_post_split":[],"footnotes":""},"categories":[282],"tags":[],"class_list":["post-7876","post","type-post","status-publish","format-standard","has-post-thumbnail","hentry","category-antigua-it"],"jetpack_featured_media_url":"https:\/\/informacionlocal.es\/wp-content\/uploads\/2025\/07\/alcalde-y-concejal-de-cultura-copia.jpg","_links":{"self":[{"href":"https:\/\/informacionlocal.es\/it\/wp-json\/wp\/v2\/posts\/7876","targetHints":{"allow":["GET"]}}],"collection":[{"href":"https:\/\/informacionlocal.es\/it\/wp-json\/wp\/v2\/posts"}],"about":[{"href":"https:\/\/informacionlocal.es\/it\/wp-json\/wp\/v2\/types\/post"}],"author":[{"embeddable":true,"href":"https:\/\/informacionlocal.es\/it\/wp-json\/wp\/v2\/users\/1"}],"replies":[{"embeddable":true,"href":"https:\/\/informacionlocal.es\/it\/wp-json\/wp\/v2\/comments?post=7876"}],"version-history":[{"count":0,"href":"https:\/\/informacionlocal.es\/it\/wp-json\/wp\/v2\/posts\/7876\/revisions"}],"wp:featuredmedia":[{"embeddable":true,"href":"https:\/\/informacionlocal.es\/it\/wp-json\/wp\/v2\/media\/7872"}],"wp:attachment":[{"href":"https:\/\/informacionlocal.es\/it\/wp-json\/wp\/v2\/media?parent=7876"}],"wp:term":[{"taxonomy":"category","embeddable":true,"href":"https:\/\/informacionlocal.es\/it\/wp-json\/wp\/v2\/categories?post=7876"},{"taxonomy":"post_tag","embeddable":true,"href":"https:\/\/informacionlocal.es\/it\/wp-json\/wp\/v2\/tags?post=7876"}],"curies":[{"name":"wp","href":"https:\/\/api.w.org\/{rel}","templated":true}]}}