{"id":7839,"date":"2025-07-17T19:59:04","date_gmt":"2025-07-17T18:59:04","guid":{"rendered":"https:\/\/informacionlocal.es\/la-giornata-estiva-delle-famiglie-by-empronor-rivitalizza-la-zona-commerciale-di-corralejo-questo-sabato\/"},"modified":"2025-07-17T19:59:04","modified_gmt":"2025-07-17T18:59:04","slug":"la-giornata-estiva-delle-famiglie-by-empronor-rivitalizza-la-zona-commerciale-di-corralejo-questo-sabato","status":"publish","type":"post","link":"https:\/\/informacionlocal.es\/it\/la-giornata-estiva-delle-famiglie-by-empronor-rivitalizza-la-zona-commerciale-di-corralejo-questo-sabato\/","title":{"rendered":"La &#8220;Giornata estiva delle famiglie By Empronor&#8221; rivitalizza la zona commerciale di Corralejo questo sabato"},"content":{"rendered":"<div class=\"entry-content\"><strong>17 luglio 2025<\/strong><\/p>\n<p><em><strong>Il Cabildo de Fuerteventura ed Empronor presentano le campagne di promozione del commercio locale nel comune di La Oliva, accompagnati dal Municipio.<\/strong><\/em><\/p>\n<p>Il Cabildo di Fuerteventura e l&#8217;Associazione Commerciale Imprenditoriale e Professionale del Nord (Empronor) hanno presentato oggi, 17 luglio, le attivit\u00e0 della campagna di rivitalizzazione commerciale &#8220;Empronor, il tuo commercio locale&#8221;, interamente finanziata dal Dipartimento del Commercio della Corporazione dell&#8217;Isola. Grazie a questo lavoro congiunto, verranno lanciate le azioni commerciali &#8220;Summer Family Day by Empronor&#8221; e &#8220;Halloween Vieni a divertirti&#8221;, con la collaborazione del Municipio di La Oliva. <\/p>\n<p>L&#8217;attivit\u00e0 &#8220;Summer Family Day By Empronor&#8221; si svolger\u00e0 questo sabato, 19 luglio, nella zona pedonale e commerciale di Avenida Nuestra Se\u00f1ora del Carmen. Ci saranno attivit\u00e0 per le famiglie con laboratori, tappeti gonfiabili e piattaforma 360, dalle 11.00 alle 14.00 e dalle 17.00 alle 21.00. <\/p>\n<p>Inoltre, Empronor ha annunciato che, dopo il successo delle precedenti edizioni, il 31 ottobre torneranno le attivit\u00e0 di Halloween. Con il titolo &#8220;Halloween vieni a divertirti&#8221;, ci saranno spettacoli, gare in maschera, decorazioni delle vetrine e passaggi spaventosi, oltre ad altre attivit\u00e0 per animare e vivacizzare la zona commerciale di Corralejo. <\/p>\n<p>La presidente del Consiglio dell&#8217;isola di Fuerteventura, Lola Garc\u00eda, ha sottolineato l&#8217;impegno dell&#8217;ente isolano per incrementare il commercio locale, &#8220;che \u00e8 il sostentamento di molte famiglie e la base dell&#8217;attivit\u00e0 economica di Fuerteventura&#8221;.<\/p>\n<p>A questo proposito, Lolina Negr\u00edn, assessore isolano al Commercio, ha sottolineato il sostegno del Cabildo alle azioni di promozione del commercio locale promosse dalle diverse associazioni, &#8220;con l&#8217;obiettivo comune di rafforzare le aree commerciali aperte&#8221;.<\/p>\n<p>Il sindaco di La Oliva, Isa\u00ed Blanco, e l&#8217;assessore al Commercio, Alexandra Mart\u00edn, hanno invitato tutti a godersi una giornata in famiglia a Corralejo questo sabato, in un&#8217;attivit\u00e0 volta a stimolare il commercio locale nel comune.<\/p>\n<p>Da parte sua, Stefan Schr\u00f6der, presidente di EMPRONOR, ha ringraziato il Cabildo per il sostegno finanziario allo sviluppo delle campagne di promozione del commercio locale, &#8220;sperando che i partecipanti possano godere di Corralejo e della sua area commerciale aperta&#8221;.<\/p>\n<\/div>\n","protected":false},"excerpt":{"rendered":"<p>17 luglio 2025 Il Cabildo de Fuerteventura ed Empronor presentano le campagne di promozione del commercio locale nel comune di La Oliva, accompagnati dal Municipio. Il Cabildo di Fuerteventura e [&hellip;]<\/p>\n","protected":false},"author":1,"featured_media":7836,"comment_status":"open","ping_status":"open","sticky":false,"template":"","format":"standard","meta":{"inline_featured_image":false,"jnews-multi-image_gallery":[],"jnews_single_post":[],"jnews_primary_category":[],"jnews_social_meta":[],"jnews_override_counter":[],"jnews_post_split":[],"footnotes":""},"categories":[289],"tags":[223],"class_list":["post-7839","post","type-post","status-publish","format-standard","has-post-thumbnail","hentry","category-cabildo-it","tag-fuerteventura-it"],"jetpack_featured_media_url":"https:\/\/informacionlocal.es\/wp-content\/uploads\/2025\/07\/eee-8.jpeg","_links":{"self":[{"href":"https:\/\/informacionlocal.es\/it\/wp-json\/wp\/v2\/posts\/7839","targetHints":{"allow":["GET"]}}],"collection":[{"href":"https:\/\/informacionlocal.es\/it\/wp-json\/wp\/v2\/posts"}],"about":[{"href":"https:\/\/informacionlocal.es\/it\/wp-json\/wp\/v2\/types\/post"}],"author":[{"embeddable":true,"href":"https:\/\/informacionlocal.es\/it\/wp-json\/wp\/v2\/users\/1"}],"replies":[{"embeddable":true,"href":"https:\/\/informacionlocal.es\/it\/wp-json\/wp\/v2\/comments?post=7839"}],"version-history":[{"count":0,"href":"https:\/\/informacionlocal.es\/it\/wp-json\/wp\/v2\/posts\/7839\/revisions"}],"wp:featuredmedia":[{"embeddable":true,"href":"https:\/\/informacionlocal.es\/it\/wp-json\/wp\/v2\/media\/7836"}],"wp:attachment":[{"href":"https:\/\/informacionlocal.es\/it\/wp-json\/wp\/v2\/media?parent=7839"}],"wp:term":[{"taxonomy":"category","embeddable":true,"href":"https:\/\/informacionlocal.es\/it\/wp-json\/wp\/v2\/categories?post=7839"},{"taxonomy":"post_tag","embeddable":true,"href":"https:\/\/informacionlocal.es\/it\/wp-json\/wp\/v2\/tags?post=7839"}],"curies":[{"name":"wp","href":"https:\/\/api.w.org\/{rel}","templated":true}]}}