{"id":7827,"date":"2025-07-17T18:58:58","date_gmt":"2025-07-17T17:58:58","guid":{"rendered":"https:\/\/informacionlocal.es\/il-sindaco-di-puerto-del-rosario-riceve-il-comandante-della-marina-di-fuerteventura-per-discutere-della-campagna-preventiva-sullincontro-con-gli-ordigni-esplosivi\/"},"modified":"2025-07-17T18:58:58","modified_gmt":"2025-07-17T17:58:58","slug":"il-sindaco-di-puerto-del-rosario-riceve-il-comandante-della-marina-di-fuerteventura-per-discutere-della-campagna-preventiva-sullincontro-con-gli-ordigni-esplosivi","status":"publish","type":"post","link":"https:\/\/informacionlocal.es\/it\/il-sindaco-di-puerto-del-rosario-riceve-il-comandante-della-marina-di-fuerteventura-per-discutere-della-campagna-preventiva-sullincontro-con-gli-ordigni-esplosivi\/","title":{"rendered":"Il sindaco di Puerto del Rosario riceve il comandante della Marina di Fuerteventura per discutere della campagna preventiva sull&#8217;incontro con gli ordigni esplosivi."},"content":{"rendered":"<div class=\"entry-content\">\n<p>Il sindaco di Puerto del Rosario, David de Vera, ha ricevuto gioved\u00ec mattina, 15 luglio, la visita del Comandante dell&#8217;Ausiliaria Navale di Fuerteventura, Jos\u00e9 Carlos Pastor, per la presentazione della campagna informativa e preventiva che si sta svolgendo a livello nazionale, sulle precauzioni da prendere in caso di ritrovamento di ordigni esplosivi inesplosi in fondo al mare.<\/p>\n<p><strong>Si raccomanda di non spostare o maneggiare mai un eventuale ordigno esplosivo trovato sul fondale o sulla costa.<\/strong><strong>Se si trova un ordigno esplosivo sul fondale marino o sulla costa, \u00e8 necessario avvisare le squadre specializzate della Marina.<\/strong><\/p>\n<p><strong>Il Sindaco, <\/strong><strong>David de Vera,<\/strong><strong> ha sottolineato &#8220;la collaborazione del Comune con le diverse amministrazioni nella promozione e diffusione di campagne preventive, con l&#8217;obiettivo di informare i cittadini e garantire la sicurezza nei presunti casi di ritrovamento di questo tipo di manufatti&#8221;.<\/strong><\/p>\n<p>Il Comandante dell&#8217;Ausiliaria Navale di Fuerteventura, <strong>Jos\u00e9 Carlos Pastor, ha<\/strong> dichiarato che <strong>&#8220;la Marina dispone di gruppi di specialisti nello smaltimento di ordigni esplosivi che agiscono immediatamente in questo tipo di azioni, e queste campagne contribuiscono a informare la popolazione sul protocollo da seguire in queste situazioni&#8221;.<\/strong><\/p>\n<p>Gli opuscoli informativi descrivono in dettaglio la forma cilindrica o sferica o il colore verde, grigio o nero che pu\u00f2 avere un ordigno esplosivo, che non deve mai essere maneggiato e in caso del quale \u00e8 meglio spegnere qualsiasi dispositivo elettrico, mentre l&#8217;azione pi\u00f9 efficace \u00e8 quella di segnalare senza contatto, allontanarsi e avvisare, sia che si trovi su una spiaggia o su un fondale marino, con l&#8217;arrivo delle squadre specializzate della Marina in meno di 24 ore.<\/p>\n<\/div>\n","protected":false},"excerpt":{"rendered":"<p>Il sindaco di Puerto del Rosario, David de Vera, ha ricevuto gioved\u00ec mattina, 15 luglio, la visita del Comandante dell&#8217;Ausiliaria Navale di Fuerteventura, Jos\u00e9 Carlos Pastor, per la presentazione della [&hellip;]<\/p>\n","protected":false},"author":1,"featured_media":7824,"comment_status":"open","ping_status":"open","sticky":false,"template":"","format":"standard","meta":{"inline_featured_image":false,"jnews-multi-image_gallery":[],"jnews_single_post":[],"jnews_primary_category":[],"jnews_social_meta":[],"jnews_override_counter":[],"jnews_post_split":[],"footnotes":""},"categories":[295],"tags":[223,264],"class_list":["post-7827","post","type-post","status-publish","format-standard","has-post-thumbnail","hentry","category-puerto-del-rosario-it","tag-fuerteventura-it","tag-sicurezza"],"jetpack_featured_media_url":"https:\/\/informacionlocal.es\/wp-content\/uploads\/2025\/07\/campana-titu-explosivos-1.jpg","_links":{"self":[{"href":"https:\/\/informacionlocal.es\/it\/wp-json\/wp\/v2\/posts\/7827","targetHints":{"allow":["GET"]}}],"collection":[{"href":"https:\/\/informacionlocal.es\/it\/wp-json\/wp\/v2\/posts"}],"about":[{"href":"https:\/\/informacionlocal.es\/it\/wp-json\/wp\/v2\/types\/post"}],"author":[{"embeddable":true,"href":"https:\/\/informacionlocal.es\/it\/wp-json\/wp\/v2\/users\/1"}],"replies":[{"embeddable":true,"href":"https:\/\/informacionlocal.es\/it\/wp-json\/wp\/v2\/comments?post=7827"}],"version-history":[{"count":0,"href":"https:\/\/informacionlocal.es\/it\/wp-json\/wp\/v2\/posts\/7827\/revisions"}],"wp:featuredmedia":[{"embeddable":true,"href":"https:\/\/informacionlocal.es\/it\/wp-json\/wp\/v2\/media\/7824"}],"wp:attachment":[{"href":"https:\/\/informacionlocal.es\/it\/wp-json\/wp\/v2\/media?parent=7827"}],"wp:term":[{"taxonomy":"category","embeddable":true,"href":"https:\/\/informacionlocal.es\/it\/wp-json\/wp\/v2\/categories?post=7827"},{"taxonomy":"post_tag","embeddable":true,"href":"https:\/\/informacionlocal.es\/it\/wp-json\/wp\/v2\/tags?post=7827"}],"curies":[{"name":"wp","href":"https:\/\/api.w.org\/{rel}","templated":true}]}}