{"id":7803,"date":"2025-07-17T17:06:04","date_gmt":"2025-07-17T16:06:04","guid":{"rendered":"https:\/\/informacionlocal.es\/il-consiglio-dellisola-di-fuerteventura-presenta-il-piano-di-accessibilita-di-fuerteventura\/"},"modified":"2025-07-17T17:06:04","modified_gmt":"2025-07-17T16:06:04","slug":"il-consiglio-dellisola-di-fuerteventura-presenta-il-piano-di-accessibilita-di-fuerteventura","status":"publish","type":"post","link":"https:\/\/informacionlocal.es\/it\/il-consiglio-dellisola-di-fuerteventura-presenta-il-piano-di-accessibilita-di-fuerteventura\/","title":{"rendered":"Il Consiglio dell&#8217;isola di Fuerteventura presenta il Piano di Accessibilit\u00e0 di Fuerteventura"},"content":{"rendered":"<div class=\"entry-content\"><strong>17 luglio 2025<\/strong><\/p>\n<p><em><strong>La presentazione avr\u00e0 luogo il 23 luglio presso il Centro Insular de Juventud, in un evento aperto al pubblico per conoscere i dettagli di un documento finalizzato all&#8217;accessibilit\u00e0 universale dell&#8217;isola.<\/strong><\/em><\/p>\n<p>Il Cabildo, attraverso l&#8217;area dell&#8217;Accessibilit\u00e0, ha completato lo sviluppo del Piano di Accessibilit\u00e0 di Fuerteventura. Questo documento strategico mira a rendere gradualmente accessibili gli ambienti e i servizi esistenti sull&#8217;isola, in modo che tutti possano utilizzarli comodamente, liberamente, in modo sicuro e indipendente. <\/p>\n<p>Il Piano di Accessibilit\u00e0 di Fuerteventura sar\u00e0 presentato mercoled\u00ec prossimo, 23 luglio, alle ore 17.00, presso il Centro Giovanile dell&#8217;isola, in un evento aperto a tutte le persone interessate.<\/p>\n<p>La Presidente del Consiglio dell&#8217;Isola di Fuerteventura, Lola Garc\u00eda, e l&#8217;Assessore all&#8217;Accessibilit\u00e0, Carmen Alonso, sottolineano che, con l&#8217;obiettivo di ottenere il massimo consenso possibile, il Piano di Accessibilit\u00e0 dell&#8217;Isola \u00e8 stato elaborato con la partecipazione, tra gli altri, dei consigli locali, dei cittadini, dei gruppi sociali, dei rappresentanti dei settori professionali dell&#8217;accessibilit\u00e0, dei trasporti e delle imprese.<\/p>\n<p>In questo senso, sia Garc\u00eda che Alonso invitano tutti gli interessati a partecipare alla presentazione del documento, con l&#8217;obiettivo di rispondere alle reali esigenze della popolazione di Fuerteventura. Questo documento definisce le azioni strategiche, cos\u00ec come gli obiettivi a breve, medio e lungo termine per raggiungere l&#8217;accessibilit\u00e0 universale per tutte le persone, come elemento trasversale che copre diverse aree. <\/p>\n<\/div>\n","protected":false},"excerpt":{"rendered":"<p>17 luglio 2025 La presentazione avr\u00e0 luogo il 23 luglio presso il Centro Insular de Juventud, in un evento aperto al pubblico per conoscere i dettagli di un documento finalizzato [&hellip;]<\/p>\n","protected":false},"author":1,"featured_media":7800,"comment_status":"open","ping_status":"open","sticky":false,"template":"","format":"standard","meta":{"inline_featured_image":false,"jnews-multi-image_gallery":[],"jnews_single_post":[],"jnews_primary_category":[],"jnews_social_meta":[],"jnews_override_counter":[],"jnews_post_split":[],"footnotes":""},"categories":[289],"tags":[223],"class_list":["post-7803","post","type-post","status-publish","format-standard","has-post-thumbnail","hentry","category-cabildo-it","tag-fuerteventura-it"],"jetpack_featured_media_url":"https:\/\/informacionlocal.es\/wp-content\/uploads\/2025\/07\/eeee-7.jpeg","_links":{"self":[{"href":"https:\/\/informacionlocal.es\/it\/wp-json\/wp\/v2\/posts\/7803","targetHints":{"allow":["GET"]}}],"collection":[{"href":"https:\/\/informacionlocal.es\/it\/wp-json\/wp\/v2\/posts"}],"about":[{"href":"https:\/\/informacionlocal.es\/it\/wp-json\/wp\/v2\/types\/post"}],"author":[{"embeddable":true,"href":"https:\/\/informacionlocal.es\/it\/wp-json\/wp\/v2\/users\/1"}],"replies":[{"embeddable":true,"href":"https:\/\/informacionlocal.es\/it\/wp-json\/wp\/v2\/comments?post=7803"}],"version-history":[{"count":0,"href":"https:\/\/informacionlocal.es\/it\/wp-json\/wp\/v2\/posts\/7803\/revisions"}],"wp:featuredmedia":[{"embeddable":true,"href":"https:\/\/informacionlocal.es\/it\/wp-json\/wp\/v2\/media\/7800"}],"wp:attachment":[{"href":"https:\/\/informacionlocal.es\/it\/wp-json\/wp\/v2\/media?parent=7803"}],"wp:term":[{"taxonomy":"category","embeddable":true,"href":"https:\/\/informacionlocal.es\/it\/wp-json\/wp\/v2\/categories?post=7803"},{"taxonomy":"post_tag","embeddable":true,"href":"https:\/\/informacionlocal.es\/it\/wp-json\/wp\/v2\/tags?post=7803"}],"curies":[{"name":"wp","href":"https:\/\/api.w.org\/{rel}","templated":true}]}}