{"id":7793,"date":"2025-07-17T16:03:20","date_gmt":"2025-07-17T15:03:20","guid":{"rendered":"https:\/\/informacionlocal.es\/accordo-di-collaborazione-tra-il-comune-di-puerto-del-rosario-e-lassociazione-contro-il-cancro-metastatico-al-seno-di-fuerteventura\/"},"modified":"2025-07-17T16:03:20","modified_gmt":"2025-07-17T15:03:20","slug":"accordo-di-collaborazione-tra-il-comune-di-puerto-del-rosario-e-lassociazione-contro-il-cancro-metastatico-al-seno-di-fuerteventura","status":"publish","type":"post","link":"https:\/\/informacionlocal.es\/it\/accordo-di-collaborazione-tra-il-comune-di-puerto-del-rosario-e-lassociazione-contro-il-cancro-metastatico-al-seno-di-fuerteventura\/","title":{"rendered":"Accordo di collaborazione tra il Comune di Puerto del Rosario e l&#8217;Associazione contro il cancro metastatico al seno di Fuerteventura."},"content":{"rendered":"<div class=\"entry-content\">\n<p>Gioved\u00ec mattina, 17 luglio, il sindaco <strong>David De Vera, <\/strong>l&#8217;assessore alla Salute Pubblica,<strong> Rosa Rodr\u00edguez<\/strong> e <strong>Ana Bel\u00e9n P\u00e9rez<\/strong>, in qualit\u00e0 di presidente dell&#8217;<strong>Associazione Fuerteventura per il Cancro al Seno Metastatico<\/strong>, si sono incontrati negli uffici comunali per firmare un accordo che mira a regolamentare la concessione di una sovvenzione nominativa per sostenere le azioni che l&#8217;Associazione sviluppa nel campo del supporto e dell&#8217;assistenza alle persone affette da cancro, per un importo totale di <strong>QUINDICI MILA EURO (15.000,00 \u20ac)<\/strong>,<\/p>\n<p>Le azioni previste comprendono:<\/p>\n<ul>\n<li>Servizio personalizzato di parrucche oncologiche.<\/li>\n<li>Assistenza ai volontari.<\/li>\n<li>Sostegno ai pazienti per le spese di viaggio e di soggiorno.<\/li>\n<li>Inclusione di un educatore sociale.<\/li>\n<li>Organizzazione di eventi di sensibilizzazione e visibilit\u00e0.<\/li>\n<\/ul>\n<p>Il sindaco, <strong>David de Vera, ha<\/strong> dichiarato che &#8220;il Comune sostiene e collabora con le organizzazioni che forniscono un&#8217;assistenza completa alle persone affette da cancro e alle loro famiglie, soprattutto a quelle in situazioni di vulnerabilit\u00e0, svolgendo un importante lavoro sociale&#8221;.<\/p>\n<p>Anche l&#8217;assessore alla Salute pubblica, <strong>Rosa Rodr\u00edguez, ha<\/strong> ringraziato l&#8217;Associazione per il lavoro svolto e ha confermato che &#8220;il Consiglio ha previsto nel bilancio 2025 una sovvenzione nominativa per questa Associazione, per consentirle di coprire i costi delle sue attivit\u00e0&#8221;.<\/p>\n<p>La presidente dell&#8217;Associazione contro il cancro metastatico al seno di Fuerteventura, <strong>Ana Bel\u00e9n P\u00e9rez<\/strong>, ha aggiunto che &#8220;si tratta di un&#8217;organizzazione senza scopo di lucro, che sviluppa attivit\u00e0 emotive, sociali e di assistenza sanitaria per le persone colpite dal cancro e le loro famiglie&#8221; e ha ringraziato il Consiglio per la sua collaborazione nelle attivit\u00e0 che sviluppa.<\/p>\n<\/div>\n","protected":false},"excerpt":{"rendered":"<p>Gioved\u00ec mattina, 17 luglio, il sindaco David De Vera, l&#8217;assessore alla Salute Pubblica, Rosa Rodr\u00edguez e Ana Bel\u00e9n P\u00e9rez, in qualit\u00e0 di presidente dell&#8217;Associazione Fuerteventura per il Cancro al Seno [&hellip;]<\/p>\n","protected":false},"author":1,"featured_media":7788,"comment_status":"open","ping_status":"open","sticky":false,"template":"","format":"standard","meta":{"inline_featured_image":false,"jnews-multi-image_gallery":[],"jnews_single_post":[],"jnews_primary_category":[],"jnews_social_meta":[],"jnews_override_counter":[],"jnews_post_split":[],"footnotes":""},"categories":[295],"tags":[308,223],"class_list":["post-7793","post","type-post","status-publish","format-standard","has-post-thumbnail","hentry","category-puerto-del-rosario-it","tag-eventos-it","tag-fuerteventura-it"],"jetpack_featured_media_url":"https:\/\/informacionlocal.es\/wp-content\/uploads\/2025\/07\/convenio-44-cancer-de-pie-170725.jpg","_links":{"self":[{"href":"https:\/\/informacionlocal.es\/it\/wp-json\/wp\/v2\/posts\/7793","targetHints":{"allow":["GET"]}}],"collection":[{"href":"https:\/\/informacionlocal.es\/it\/wp-json\/wp\/v2\/posts"}],"about":[{"href":"https:\/\/informacionlocal.es\/it\/wp-json\/wp\/v2\/types\/post"}],"author":[{"embeddable":true,"href":"https:\/\/informacionlocal.es\/it\/wp-json\/wp\/v2\/users\/1"}],"replies":[{"embeddable":true,"href":"https:\/\/informacionlocal.es\/it\/wp-json\/wp\/v2\/comments?post=7793"}],"version-history":[{"count":0,"href":"https:\/\/informacionlocal.es\/it\/wp-json\/wp\/v2\/posts\/7793\/revisions"}],"wp:featuredmedia":[{"embeddable":true,"href":"https:\/\/informacionlocal.es\/it\/wp-json\/wp\/v2\/media\/7788"}],"wp:attachment":[{"href":"https:\/\/informacionlocal.es\/it\/wp-json\/wp\/v2\/media?parent=7793"}],"wp:term":[{"taxonomy":"category","embeddable":true,"href":"https:\/\/informacionlocal.es\/it\/wp-json\/wp\/v2\/categories?post=7793"},{"taxonomy":"post_tag","embeddable":true,"href":"https:\/\/informacionlocal.es\/it\/wp-json\/wp\/v2\/tags?post=7793"}],"curies":[{"name":"wp","href":"https:\/\/api.w.org\/{rel}","templated":true}]}}