{"id":7754,"date":"2025-07-16T19:58:51","date_gmt":"2025-07-16T18:58:51","guid":{"rendered":"https:\/\/informacionlocal.es\/fuerteventura-accoglie-lorchestra-giovanile-delle-isole-canarie-con-il-suo-carnevale-degli-animali\/"},"modified":"2025-07-16T19:58:51","modified_gmt":"2025-07-16T18:58:51","slug":"fuerteventura-accoglie-lorchestra-giovanile-delle-isole-canarie-con-il-suo-carnevale-degli-animali","status":"publish","type":"post","link":"https:\/\/informacionlocal.es\/it\/fuerteventura-accoglie-lorchestra-giovanile-delle-isole-canarie-con-il-suo-carnevale-degli-animali\/","title":{"rendered":"Fuerteventura accoglie l&#8217;Orchestra Giovanile delle Isole Canarie con il suo &#8220;Carnevale degli Animali&#8221;."},"content":{"rendered":"<div class=\"entry-content\"><strong>16 luglio 2025<\/strong><\/p>\n<p><strong>Il concerto si terr\u00e0 venerd\u00ec 25 luglio alle 20.00 nel Palacio de Formaci\u00f3n y Congresos.<\/strong><\/p>\n<p><strong>Fuerteventura accoglie la Joven Orquesta de Canarias con il suo &#8220;Carnaval de los animales&#8221;.<\/strong><\/p>\n<p><strong>L&#8217;orchestra si presenta in formato cameristico, diretta da V\u00edctor Pablo P\u00e9rez e con il musicista e comico V\u00edctor Lemes come voce narrante.<\/strong><\/p>\n<p><strong>Sul palco saranno presenti interpreti del linguaggio dei segni e dispositivi speciali gratuiti per le persone con problemi di udito.<\/strong><\/p>\n<p>L&#8217;<strong>Orchestra Giovanile delle Isole Canarie<\/strong> (JOCAN) eseguir\u00e0 la famosa opera<strong>&#8220;Il Carnevale degli Animali&#8221;,<\/strong> di Camille Saint Sa\u00ebns <strong>a Fuerteventura<\/strong>, dove il pubblico potr\u00e0 anche ascoltare la versione isolana intitolata<strong>&#8220;Il Carnevale degli Animali delle Canarie&#8221;.<\/strong> Si terr\u00e0 il <strong>25 luglio, alle ore 20.00, nel Palacio de Formaci\u00f3n y Congresos<\/strong>, in un concerto in formato cameristico diretto da <strong>V\u00edctor Pablo P\u00e9rez<\/strong>, con una divertente sceneggiatura e narrazione del musicista e comico <strong>V\u00edctor Lemes<\/strong>. I biglietti sono disponibili su <strong>ecoentradas.com<\/strong>. <\/p>\n<p>Far\u00e0 parte di un tour di diverse isole dell&#8217;arcipelago, in cui sar\u00e0 presente anche uno <strong>speciale dispositivo gratuito per i non udenti<\/strong>, che potranno &#8220;ascoltare&#8221; i concerti attraverso zaini sensoriali.<\/p>\n<p><strong>Programma<\/strong><\/p>\n<p>Il concerto inizier\u00e0 con l&#8217;esecuzione di alcuni frammenti di &#8220;El Carnaval de los animales canarios&#8221;, in cui i compositori isolani <strong>Celia Rivero e Sergio Rodr\u00edguez<\/strong>, mettono in musica diversi <strong>animali legati all&#8217;arcipelago<\/strong>, tra cui la <strong>lucertola gigante di El Hierro, il pipistrello dalle orecchie, il picchio, il granchio cieco di Lanzarote e la balena blu<\/strong>; ma anche l&#8217;<strong>aquaviva, la farfalla tigre, il cammello delle Canarie, la cernia, la tartaruga gigante di Tenerife e la sardina. <\/strong>In questo caso, sotto la direzione del giovane Santiago Padilla.<\/p>\n<p>La seconda parte, che vede la partecipazione di V\u00edctor Lemes come narratore, sar\u00e0 dedicata a <strong>&#8220;Il carnevale degli animali&#8221;.<\/strong> Questo brano fu composto da <strong>Saint-Sa\u00ebns<\/strong> nel 1886 ed \u00e8 una suite in quattordici movimenti che compose durante una vacanza in Austria come una sorta di scherzo musicale per intrattenere i suoi amici. In realt\u00e0, egli proib\u00ec che venisse pubblicata o eseguita durante la sua vita, ad eccezione del movimento &#8220;Il cigno&#8221;, che considerava serio e bello. L&#8217;opera fu quindi eseguita <strong>pubblicamente dopo la sua morte, nel 1922 <\/strong>, e da allora \u00e8 diventata molto popolare, perch\u00e9, pur essendo un&#8217;opera umoristica, \u00e8 composta con grande maestria e una profonda conoscenza del colore strumentale.   <\/p>\n<p>In ognuno di questi movimenti, un animale o una scena sono rappresentati con un tocco umoristico e parodico. Ad esempio, nel movimento &#8220;Fossili&#8221;, Saint-Sa\u00ebns fa la parodia di se stesso e di altri colleghi come Rossini e Offenbach. L&#8217;opera sar\u00e0 diretta da <strong>V\u00edctor Lemes, <\/strong>che ha creato un divertente copione per accompagnare l&#8217;orchestra e fungere da narratore durante il concerto.  <\/p>\n<p><strong>Con i pianisti per la prima volta<\/strong><\/p>\n<p>Una delle novit\u00e0 di quest&#8217;anno \u00e8 che, per la prima volta, <strong>due giovani pianisti,<\/strong> <strong>Gabriel \u00c1lvarez Doreste e Natalia Dionis Rodr\u00edguez<\/strong>, scelti in un recente <strong>bando pubblico<\/strong>, parteciperanno al JOCAN. A loro si unir\u00e0 sul palco una selezione di musicisti scelti tra gli strumentisti dell&#8217;Orchestra Giovanile: <strong>Unai Marrero Sim\u00f3n (clarinetto), \u00c9rika Guti\u00e9rrez Castillo (contrabbasso), Sara Lorenzo Gonz\u00e1lez (flauto), Ra\u00fal Fern\u00e1ndez Morales (percussioni), Liz Flor Gonz\u00e1lez Dur\u00e1n (viola), Marie Cooper Aube (violino), In\u00e9s Ruiz Ortiz de Anti\u00f1ano (violino) e Aurora Fibla Tejedas (violoncello).<\/strong> <\/p>\n<p>Giovani musicisti provenienti dalle diverse isole delle Canarie, che stanno frequentando l&#8217;ultimo anno della loro formazione musicale accademica in centri di tutto il mondo, o neolaureati. Per questa tourn\u00e9e, il JOCAN si avvarr\u00e0 ancora una volta del<strong> giovane direttore Santiago Padilla<\/strong>, che ha accompagnato l&#8217;orchestra nella sua parte formativa durante la tourn\u00e9e dello scorso anno, tre anni dopo essere stato selezionato in un apposito bando pubblico. In questa occasione, sar\u00e0 anche responsabile della direzione di uno dei brani in programma, &#8220;El carnaval de los animales canarios&#8221;.  <\/p>\n<p><strong>Concerti inclusivi<\/strong><\/p>\n<p>Vista la buona accoglienza ricevuta nell&#8217;ultima tourn\u00e9e, JOCAN ripropone i suoi concerti con <strong>alcune iniziative che li renderanno inclusivi e accessibili a tutti<\/strong>, comprese <strong>le persone con disabilit\u00e0 uditive<\/strong>. A tal fine, in collaborazione con la <strong>Fondazione DISA,<\/strong> che si fa carico di questa sponsorizzazione, mette a disposizione del pubblico degli <strong>zainetti sensoriali<\/strong> per consentire alle persone con problemi di udito di godere appieno dell&#8217;esperienza. <\/p>\n<p>Dieci di questi dispositivi saranno forniti gratuitamente su richiesta, a partire dal <strong>14 luglio, via e-mail a <\/strong><strong>jocan@icdcultural.org<\/strong> e gli inviti saranno gestiti in base all&#8217;ordine di arrivo. Inoltre, poich\u00e9 &#8220;Il carnevale degli animali&#8221; di Saint-Sa\u00ebns incorpora la figura del narratore, sar\u00e0 presente sul palco anche <strong>un interprete di lingua dei segni spagnola (LSE)<\/strong>. <\/p>\n<p><a><strong>Quasi un decennio sul palcoscenico<\/strong><\/a><\/p>\n<p>JOCAN \u00e8 un progetto del Governo delle Isole Canarie lanciato nel 2016 come strumento per la formazione e la pratica orchestrale dei giovani musicisti delle isole. Un programma che si concretizza con l&#8217;organizzazione dei cosiddetti Encuentros, che pi\u00f9 volte all&#8217;anno riuniscono i membri dell&#8217;orchestra per preparare un&#8217;ampia gamma di repertori che poi eseguono in tourn\u00e9e. Il tutto sotto la guida di un gruppo selezionato di insegnanti e maestri, oltre a poter lavorare al fianco di grandi solisti internazionali.  <\/p>\n<p>Questo incontro sar\u00e0 il 23\u00b0 dal lancio di JOCAN. Una settimana prima dell&#8217;inizio del tour, i membri di questi concerti si incontreranno a Tenerife per sette sessioni dedicate alla formazione, allo studio, alla convivenza, alle prove e ai preparativi. <\/p>\n<p><strong>Tour estivo JOCAN (luglio 2025)<\/strong><\/p>\n<p>Il tour organizzato dalla Cultura del <strong>Gobierno de Canarias<\/strong> inizier\u00e0 <strong>luned\u00ec 21 luglio <\/strong>all&#8217;Espacio La Granja<strong>, a Tenerife<\/strong>; proseguir\u00e0 <strong>il 23<\/strong> al Teatro Guiniguada, a <strong>Gran Canaria<\/strong>; <strong>gioved\u00ec 24<\/strong> al Teatro Municipal de San Bartolom\u00e9, a <strong>Lanzarote<\/strong>; il giorno seguente, <strong>venerd\u00ec 25 al<\/strong>Palacio de Formaci\u00f3n y Congresos di <strong>Fuerteventura<\/strong>; e <strong>domenica 27<\/strong> all&#8217;Auditorio de <strong>La Gomera<\/strong>. Il concerto di chiusura si terr\u00e0 <strong>marted\u00ec 29<\/strong> al Teatro Circo de Marte, a <strong>La Palma<\/strong>. <\/p>\n<p>\u00a7 Luned\u00ec 21: Espacio La Granja, a <strong>Tenerife<\/strong> <\/p>\n<p>\u00a7 Mercoled\u00ec 23: Teatro Guiniguada, <strong>Gran Canaria<\/strong><\/p>\n<p>\u00a7 Gioved\u00ec 24: Teatro Municipale di San Bartolom\u00e9, <strong>Lanzarote<\/strong><\/p>\n<p>\u00a7 Venerd\u00ec 25: Palacio de Formaci\u00f3n y Congresos, <strong>Fuerteventura<\/strong><\/p>\n<p>\u00a7 Domenica 27: Auditorio Insular, a <strong>La Gomera<\/strong><\/p>\n<p>\u00a7 Marted\u00ec 29: Teatro Circo de Marte, a <strong>La Palma<\/strong><\/p>\n<p><em>Tutti i concerti iniziano alle 20.00.<\/em><\/p>\n<p><em>+ Info e biglietti: <\/em><em>https:\/\/www.icdcultural.org\/jocan<\/em><\/p>\n<\/div>\n","protected":false},"excerpt":{"rendered":"<p>16 luglio 2025 Il concerto si terr\u00e0 venerd\u00ec 25 luglio alle 20.00 nel Palacio de Formaci\u00f3n y Congresos. Fuerteventura accoglie la Joven Orquesta de Canarias con il suo &#8220;Carnaval de [&hellip;]<\/p>\n","protected":false},"author":1,"featured_media":7752,"comment_status":"open","ping_status":"open","sticky":false,"template":"","format":"standard","meta":{"inline_featured_image":false,"jnews-multi-image_gallery":[],"jnews_single_post":[],"jnews_primary_category":[],"jnews_social_meta":[],"jnews_override_counter":[],"jnews_post_split":[],"footnotes":""},"categories":[289],"tags":[223],"class_list":["post-7754","post","type-post","status-publish","format-standard","has-post-thumbnail","hentry","category-cabildo-it","tag-fuerteventura-it"],"jetpack_featured_media_url":"https:\/\/informacionlocal.es\/wp-content\/uploads\/2025\/07\/eeeeefef.jpeg","_links":{"self":[{"href":"https:\/\/informacionlocal.es\/it\/wp-json\/wp\/v2\/posts\/7754","targetHints":{"allow":["GET"]}}],"collection":[{"href":"https:\/\/informacionlocal.es\/it\/wp-json\/wp\/v2\/posts"}],"about":[{"href":"https:\/\/informacionlocal.es\/it\/wp-json\/wp\/v2\/types\/post"}],"author":[{"embeddable":true,"href":"https:\/\/informacionlocal.es\/it\/wp-json\/wp\/v2\/users\/1"}],"replies":[{"embeddable":true,"href":"https:\/\/informacionlocal.es\/it\/wp-json\/wp\/v2\/comments?post=7754"}],"version-history":[{"count":0,"href":"https:\/\/informacionlocal.es\/it\/wp-json\/wp\/v2\/posts\/7754\/revisions"}],"wp:featuredmedia":[{"embeddable":true,"href":"https:\/\/informacionlocal.es\/it\/wp-json\/wp\/v2\/media\/7752"}],"wp:attachment":[{"href":"https:\/\/informacionlocal.es\/it\/wp-json\/wp\/v2\/media?parent=7754"}],"wp:term":[{"taxonomy":"category","embeddable":true,"href":"https:\/\/informacionlocal.es\/it\/wp-json\/wp\/v2\/categories?post=7754"},{"taxonomy":"post_tag","embeddable":true,"href":"https:\/\/informacionlocal.es\/it\/wp-json\/wp\/v2\/tags?post=7754"}],"curies":[{"name":"wp","href":"https:\/\/api.w.org\/{rel}","templated":true}]}}