{"id":7709,"date":"2025-07-16T15:04:56","date_gmt":"2025-07-16T14:04:56","guid":{"rendered":"https:\/\/informacionlocal.es\/il-settore-turistico-di-fuerteventura-ha-aumentato-la-sua-forza-lavoro-diretta-e-indiretta-a-52-150-posti-di-lavoro-sullisola\/"},"modified":"2025-07-16T15:04:56","modified_gmt":"2025-07-16T14:04:56","slug":"il-settore-turistico-di-fuerteventura-ha-aumentato-la-sua-forza-lavoro-diretta-e-indiretta-a-52-150-posti-di-lavoro-sullisola","status":"publish","type":"post","link":"https:\/\/informacionlocal.es\/it\/il-settore-turistico-di-fuerteventura-ha-aumentato-la-sua-forza-lavoro-diretta-e-indiretta-a-52-150-posti-di-lavoro-sullisola\/","title":{"rendered":"Il settore turistico di Fuerteventura ha aumentato la sua forza lavoro diretta e indiretta a 52.150 posti di lavoro sull&#8217;isola."},"content":{"rendered":"<div class=\"entry-content\"><strong>16 luglio 2025<\/strong><\/p>\n<p><em><strong>Istac e Segittur mettono in relazione l&#8217;aumento delle prenotazioni aeree e dei posti sull&#8217;isola per l&#8217;estate con il miglioramento dell&#8217;occupazione locale.<\/strong><\/em><\/p>\n<p><em><strong>Lola Garc\u00eda valuta positivamente i dati, puntando sempre su un modello di turismo incentrato sulla qualit\u00e0 e non sulla quantit\u00e0, i cui benefici si ripercuotono a vantaggio della nostra popolazione.<\/strong><\/em><\/p>\n<p><em><strong>Marlene Figueroa: &#8220;Dobbiamo valorizzare il contributo del turismo da tutti i punti di vista, in particolare la sua capacit\u00e0 di creare posti di lavoro che sostengono le economie familiari e locali&#8221;.<\/strong><\/em><\/p>\n<p>I dati sull&#8217;occupazione associati al turismo a Fuerteventura sono molto positivi per l&#8217;attuale stagione estiva 2025. I posti di lavoro diretti e indiretti legati al settore dei servizi stanno crescendo fino a raggiungere 52.150 posti di lavoro. Si tratta di quasi 1.500 lavoratori in pi\u00f9 rispetto allo stesso periodo del 2024, come risulta dall&#8217;Istituto Canario di Statistica (Istac) del Governo delle Isole Canarie<strong>.<\/strong>  <\/p>\n<p>La presidente del Cabildo, Lola Garc\u00eda, si esprime positivamente sui dati occupazionali legati al settore turistico: &#8220;Non possiamo ignorare il fatto che l&#8217;industria del turismo guida l&#8217;attivit\u00e0 economica della nostra isola, quindi, da parte del settore pubblico e privato, dobbiamo proporre un modello turistico innovativo incentrato sulla qualit\u00e0 e non sulla quantit\u00e0, che generi occupazione sulla nostra isola e i cui benefici siano distribuiti alle persone che vivono qui&#8221;. Senza dimenticare, aggiunge Garc\u00eda, &#8220;l&#8217;impegno per una destinazione sostenibile, concentrando i nostri sforzi sulla ristrutturazione invece che sulla nuova costruzione, al fine di preservare il nostro territorio e il nostro paesaggio, che \u00e8 proprio ci\u00f2 che ci rende unici come isola&#8221;. <\/p>\n<p>L&#8217;assessore al Turismo del Consiglio dell&#8217;isola di Fuerteventura, Marlene Figueroa, spiega che queste cifre &#8220;buone e incoraggianti&#8221; sono il risultato di una politica turistica coordinata con il settore privato e volta ad attrarre visitatori &#8220;con la capacit\u00e0 e la volont\u00e0 di spendere nella destinazione, generando ricchezza per i lavoratori di Fuerteventura e le loro famiglie&#8221;.<\/p>\n<p>&#8220;Quando parliamo del settore turistico, dobbiamo valutare il suo contributo da tutti i punti di vista, in particolare la sua capacit\u00e0 di creare posti di lavoro che sostengono le economie familiari che consumano sulla nostra isola e supportano altre economie locali&#8221;, ribadisce Marlene Figueroa.<\/p>\n<p>Su questa linea, la Sociedad Mercantil Estatal para la Gesti\u00f3n de la Innovaci\u00f3n y las Tecnolog\u00edas Tur\u00edsticas (Segittur), dipendente dal Ministero dell&#8217;Industria e del Turismo, analizza i dati relativi alle ricerche, alle prenotazioni effettuate e ai posti aerei regolari con Fuerteventura per i mesi di giugno, luglio e agosto 2025 e li confronta con lo stesso periodo del 2024.<\/p>\n<\/div>\n","protected":false},"excerpt":{"rendered":"<p>16 luglio 2025 Istac e Segittur mettono in relazione l&#8217;aumento delle prenotazioni aeree e dei posti sull&#8217;isola per l&#8217;estate con il miglioramento dell&#8217;occupazione locale. Lola Garc\u00eda valuta positivamente i dati, [&hellip;]<\/p>\n","protected":false},"author":1,"featured_media":7704,"comment_status":"open","ping_status":"open","sticky":false,"template":"","format":"standard","meta":{"inline_featured_image":false,"jnews-multi-image_gallery":[],"jnews_single_post":[],"jnews_primary_category":[],"jnews_social_meta":[],"jnews_override_counter":[],"jnews_post_split":[],"footnotes":""},"categories":[289],"tags":[223],"class_list":["post-7709","post","type-post","status-publish","format-standard","has-post-thumbnail","hentry","category-cabildo-it","tag-fuerteventura-it"],"jetpack_featured_media_url":"https:\/\/informacionlocal.es\/wp-content\/uploads\/2025\/07\/trrrrr.jpeg","_links":{"self":[{"href":"https:\/\/informacionlocal.es\/it\/wp-json\/wp\/v2\/posts\/7709","targetHints":{"allow":["GET"]}}],"collection":[{"href":"https:\/\/informacionlocal.es\/it\/wp-json\/wp\/v2\/posts"}],"about":[{"href":"https:\/\/informacionlocal.es\/it\/wp-json\/wp\/v2\/types\/post"}],"author":[{"embeddable":true,"href":"https:\/\/informacionlocal.es\/it\/wp-json\/wp\/v2\/users\/1"}],"replies":[{"embeddable":true,"href":"https:\/\/informacionlocal.es\/it\/wp-json\/wp\/v2\/comments?post=7709"}],"version-history":[{"count":0,"href":"https:\/\/informacionlocal.es\/it\/wp-json\/wp\/v2\/posts\/7709\/revisions"}],"wp:featuredmedia":[{"embeddable":true,"href":"https:\/\/informacionlocal.es\/it\/wp-json\/wp\/v2\/media\/7704"}],"wp:attachment":[{"href":"https:\/\/informacionlocal.es\/it\/wp-json\/wp\/v2\/media?parent=7709"}],"wp:term":[{"taxonomy":"category","embeddable":true,"href":"https:\/\/informacionlocal.es\/it\/wp-json\/wp\/v2\/categories?post=7709"},{"taxonomy":"post_tag","embeddable":true,"href":"https:\/\/informacionlocal.es\/it\/wp-json\/wp\/v2\/tags?post=7709"}],"curies":[{"name":"wp","href":"https:\/\/api.w.org\/{rel}","templated":true}]}}