{"id":7697,"date":"2025-07-16T14:06:16","date_gmt":"2025-07-16T13:06:16","guid":{"rendered":"https:\/\/informacionlocal.es\/il-benvenuto-ai-tre-tirocinanti-presso-il-municipio-di-antigua\/"},"modified":"2025-07-16T14:06:16","modified_gmt":"2025-07-16T13:06:16","slug":"il-benvenuto-ai-tre-tirocinanti-presso-il-municipio-di-antigua","status":"publish","type":"post","link":"https:\/\/informacionlocal.es\/it\/il-benvenuto-ai-tre-tirocinanti-presso-il-municipio-di-antigua\/","title":{"rendered":"Il benvenuto ai tre tirocinanti presso il Municipio di Antigua"},"content":{"rendered":"<div class=\"elementor-widget-container\">\n<p><strong>Il benvenuto ai tre tirocinanti nel Municipio di Antigua<\/strong><\/p>\n<p><strong>&#8211; Gli studenti, residenti ad Antigua, si uniranno alla Biblioteca municipale fino al 26 agosto per rafforzarne i servizi e le attivit\u00e0.  <\/strong><br \/><strong>&#8211; Le giovani donne hanno scelto di entrare nel Municipio di Antigua e fanno parte del programma di borse di studio di formazione pratica concordato con il Cabildo di Fuerteventura.<\/strong><\/p>\n<p>Il sindaco, Mat\u00edas Pe\u00f1a Garc\u00eda, ha dato il benvenuto mercoled\u00ec 16 mattina ai tre tirocinanti che si uniscono all&#8217;attivit\u00e0 del Municipio di Antigua, rafforzando e garantendo in particolare il servizio della Biblioteca comunale, coordinando, dinamizzando e proponendo attivit\u00e0.<\/p>\n<p>Aida Regalado Lastra, Nadia Hern\u00e1ndez Robaina e Oihane Salcedo Santana sono vicine di casa di Antigua, ha sottolineato il sindaco, e vedere come hanno portato a termine i loro studi e il loro impegno per la loro citt\u00e0 \u00e8 motivo di orgoglio.<\/p>\n<p>Le tre studentesse, laureate in Scienze della Formazione Primaria e dell&#8217;Infanzia, offriranno sicuramente un lavoro dinamico e culturale con gli utenti della Biblioteca di Antigua, soprattutto con i bambini pi\u00f9 piccoli&#8221;, afferma il sindaco Mat\u00edas Pe\u00f1a, che si \u00e8 congratulato con le giovani donne per i loro studi e le ha ringraziate per la loro disponibilit\u00e0 a contribuire all&#8217;attivit\u00e0 quotidiana del Municipio di Antigua fino al 26 agosto.<\/p>\n<\/div>\n","protected":false},"excerpt":{"rendered":"<p><strong>Il benvenuto ai tre tirocinanti nel Municipio di Antigua<\/strong><\/p>\n","protected":false},"author":1,"featured_media":7692,"comment_status":"open","ping_status":"open","sticky":false,"template":"","format":"standard","meta":{"inline_featured_image":false,"jnews-multi-image_gallery":[],"jnews_single_post":[],"jnews_primary_category":[],"jnews_social_meta":[],"jnews_override_counter":[],"jnews_post_split":[],"footnotes":""},"categories":[282],"tags":[309,223],"class_list":["post-7697","post","type-post","status-publish","format-standard","has-post-thumbnail","hentry","category-antigua-it","tag-educacion-it","tag-fuerteventura-it"],"jetpack_featured_media_url":"https:\/\/informacionlocal.es\/wp-content\/uploads\/2025\/07\/el-alcalde-da-la-bienvenida-a-las-estudiantes-en-practicas-incoporadas-en-el-ayuntamiento-2-scaled-1.jpg","_links":{"self":[{"href":"https:\/\/informacionlocal.es\/it\/wp-json\/wp\/v2\/posts\/7697","targetHints":{"allow":["GET"]}}],"collection":[{"href":"https:\/\/informacionlocal.es\/it\/wp-json\/wp\/v2\/posts"}],"about":[{"href":"https:\/\/informacionlocal.es\/it\/wp-json\/wp\/v2\/types\/post"}],"author":[{"embeddable":true,"href":"https:\/\/informacionlocal.es\/it\/wp-json\/wp\/v2\/users\/1"}],"replies":[{"embeddable":true,"href":"https:\/\/informacionlocal.es\/it\/wp-json\/wp\/v2\/comments?post=7697"}],"version-history":[{"count":0,"href":"https:\/\/informacionlocal.es\/it\/wp-json\/wp\/v2\/posts\/7697\/revisions"}],"wp:featuredmedia":[{"embeddable":true,"href":"https:\/\/informacionlocal.es\/it\/wp-json\/wp\/v2\/media\/7692"}],"wp:attachment":[{"href":"https:\/\/informacionlocal.es\/it\/wp-json\/wp\/v2\/media?parent=7697"}],"wp:term":[{"taxonomy":"category","embeddable":true,"href":"https:\/\/informacionlocal.es\/it\/wp-json\/wp\/v2\/categories?post=7697"},{"taxonomy":"post_tag","embeddable":true,"href":"https:\/\/informacionlocal.es\/it\/wp-json\/wp\/v2\/tags?post=7697"}],"curies":[{"name":"wp","href":"https:\/\/api.w.org\/{rel}","templated":true}]}}