{"id":7670,"date":"2025-07-15T23:58:46","date_gmt":"2025-07-15T22:58:46","guid":{"rendered":"https:\/\/informacionlocal.es\/il-comune-e-altihay-firmano-un-accordo-per-sensibilizzare-e-tutelare-i-diritti-delle-persone-lgtbi\/"},"modified":"2025-07-15T23:58:46","modified_gmt":"2025-07-15T22:58:46","slug":"il-comune-e-altihay-firmano-un-accordo-per-sensibilizzare-e-tutelare-i-diritti-delle-persone-lgtbi","status":"publish","type":"post","link":"https:\/\/informacionlocal.es\/it\/il-comune-e-altihay-firmano-un-accordo-per-sensibilizzare-e-tutelare-i-diritti-delle-persone-lgtbi\/","title":{"rendered":"Il Comune e ALTIHAY firmano un accordo per sensibilizzare e tutelare i diritti delle persone LGTBI+"},"content":{"rendered":"<div class=\"entry-content\">\n<p>In un deciso impegno a favore dei valori di uguaglianza, rispetto e coesione sociale, il Comune di Puerto del Rosario ha firmato, luned\u00ec 14 luglio, un accordo di collaborazione con l&#8217;Asociaci\u00f3n ALTIHAY Fuerteventura, Colectivo LGTBI+, per la realizzazione del progetto &#8220;Puerto Diverso 2024&#8221;. L&#8217;iniziativa mira a progredire nella costruzione di un comune pi\u00f9 inclusivo, plurale e privo di discriminazioni. <\/p>\n<p>L&#8217;obiettivo principale del progetto \u00e8 quello di sensibilizzare l&#8217;opinione pubblica sulla realt\u00e0 delle persone LGTBI+, rendendo visibile la diversit\u00e0 affettivo-sessuale, familiare e di identit\u00e0 di genere e contribuendo attivamente all&#8217;eliminazione di stigmi, discorsi d&#8217;odio e situazioni di molestie che ancora persistono in diversi ambiti sociali.<\/p>\n<p>Durante la firma dell&#8217;accordo, il sindaco di Puerto del Rosario, <strong>David de Vera<\/strong>, ha affermato che <em>&#8220;il Municipio \u00e8 consapevole che non si pu\u00f2 costruire una societ\u00e0 democratica senza garantire la dignit\u00e0 e i diritti di tutte le persone. Questo progetto rappresenta un passo avanti nel nostro lavoro istituzionale per promuovere una reale ed effettiva uguaglianza&#8221;.<\/em><\/p>\n<p>Da parte sua, l&#8217;assessore all&#8217;Uguaglianza, LGTBI e Diversit\u00e0, <strong>Tacoremi Guti\u00e9rrez<\/strong>, ha sottolineato che <em>&#8220;Puerto Diverso 2024 \u00e8 nato con la vocazione di creare spazi sicuri, creativi e trasformativi. Siamo impegnati in iniziative che rendano visibile la diversit\u00e0 e diano potere alla popolazione LGTBI+, soprattutto in contesti in cui esistono ancora barriere culturali e sociali&#8221;.<\/em><\/p>\n<p><strong>Linee di azione del progetto<\/strong><\/p>\n<p>Le principali linee d&#8217;azione di &#8220;Port Diverse 2024&#8221; comprendono:<\/p>\n<ul>\n<li><strong>La visibilit\u00e0 delle famiglie LGTBI+<\/strong>, come parte del tessuto sociale della municipalit\u00e0, attraverso azioni che promuovano la loro rappresentazione in ambito educativo, culturale e comunitario.<\/li>\n<li><strong>La promozione di una cultura del tempo libero inclusiva<\/strong>, attraverso attivit\u00e0 artistiche e creative che incoraggino la partecipazione attiva delle persone LGTBI+ negli spazi pubblici e nei centri culturali.<\/li>\n<li><strong>La difesa della libert\u00e0 di espressione sessuale e di genere<\/strong>, attraverso campagne di sensibilizzazione volte a combattere la LGTBI-fobia, il rifiuto sociale e i crimini d&#8217;odio nel contesto locale.<\/li>\n<li><strong>Prevenzione e autocura nella salute sessuale<\/strong>, con particolare attenzione all&#8217;individuazione e alla riduzione delle infezioni sessualmente trasmissibili, come l&#8217;HIV\/AIDS, l&#8217;epatite C o la sifilide, tra le altre.<\/li>\n<li><strong>La promozione di abitudini di vita sane e del benessere emotivo<\/strong>, generando dinamiche che migliorano l&#8217;autostima e lo sviluppo personale della popolazione LGTBI+ di Puerto del Rosario.<\/li>\n<\/ul>\n<p>L&#8217;accordo firmato consentir\u00e0 di mettere in campo nei prossimi mesi un programma diversificato e trasversale, che coinvolger\u00e0 sia la comunit\u00e0 LGTBI+ che la popolazione in generale, contribuendo a un modello di convivenza basato sul rispetto, l&#8217;uguaglianza e i diritti umani.<\/p>\n<\/div>\n","protected":false},"excerpt":{"rendered":"<p>In un deciso impegno a favore dei valori di uguaglianza, rispetto e coesione sociale, il Comune di Puerto del Rosario ha firmato, luned\u00ec 14 luglio, un accordo di collaborazione con [&hellip;]<\/p>\n","protected":false},"author":1,"featured_media":7668,"comment_status":"open","ping_status":"open","sticky":false,"template":"","format":"standard","meta":{"inline_featured_image":false,"jnews-multi-image_gallery":[],"jnews_single_post":[],"jnews_primary_category":[],"jnews_social_meta":[],"jnews_override_counter":[],"jnews_post_split":[],"footnotes":""},"categories":[295],"tags":[223],"class_list":["post-7670","post","type-post","status-publish","format-standard","has-post-thumbnail","hentry","category-puerto-del-rosario-it","tag-fuerteventura-it"],"jetpack_featured_media_url":"https:\/\/informacionlocal.es\/wp-content\/uploads\/2025\/07\/convenio-titu-140725-altihay-sentados.jpg","_links":{"self":[{"href":"https:\/\/informacionlocal.es\/it\/wp-json\/wp\/v2\/posts\/7670","targetHints":{"allow":["GET"]}}],"collection":[{"href":"https:\/\/informacionlocal.es\/it\/wp-json\/wp\/v2\/posts"}],"about":[{"href":"https:\/\/informacionlocal.es\/it\/wp-json\/wp\/v2\/types\/post"}],"author":[{"embeddable":true,"href":"https:\/\/informacionlocal.es\/it\/wp-json\/wp\/v2\/users\/1"}],"replies":[{"embeddable":true,"href":"https:\/\/informacionlocal.es\/it\/wp-json\/wp\/v2\/comments?post=7670"}],"version-history":[{"count":0,"href":"https:\/\/informacionlocal.es\/it\/wp-json\/wp\/v2\/posts\/7670\/revisions"}],"wp:featuredmedia":[{"embeddable":true,"href":"https:\/\/informacionlocal.es\/it\/wp-json\/wp\/v2\/media\/7668"}],"wp:attachment":[{"href":"https:\/\/informacionlocal.es\/it\/wp-json\/wp\/v2\/media?parent=7670"}],"wp:term":[{"taxonomy":"category","embeddable":true,"href":"https:\/\/informacionlocal.es\/it\/wp-json\/wp\/v2\/categories?post=7670"},{"taxonomy":"post_tag","embeddable":true,"href":"https:\/\/informacionlocal.es\/it\/wp-json\/wp\/v2\/tags?post=7670"}],"curies":[{"name":"wp","href":"https:\/\/api.w.org\/{rel}","templated":true}]}}