{"id":7659,"date":"2025-07-15T22:59:05","date_gmt":"2025-07-15T21:59:05","guid":{"rendered":"https:\/\/informacionlocal.es\/la-rotta-delle-tapas-di-puerto-del-rosario-ha-gia-dei-finalisti-per-la-sua-sesta-edizione\/"},"modified":"2025-07-15T22:59:05","modified_gmt":"2025-07-15T21:59:05","slug":"la-rotta-delle-tapas-di-puerto-del-rosario-ha-gia-dei-finalisti-per-la-sua-sesta-edizione","status":"publish","type":"post","link":"https:\/\/informacionlocal.es\/it\/la-rotta-delle-tapas-di-puerto-del-rosario-ha-gia-dei-finalisti-per-la-sua-sesta-edizione\/","title":{"rendered":"La Rotta delle Tapas di Puerto del Rosario ha gi\u00e0 dei finalisti per la sua sesta edizione."},"content":{"rendered":"<div class=\"entry-content\">\n<p><strong>L&#8217;evento consolida la sua posizione di vetrina del talento culinario di Puerto del Rosario e di forza trainante per l&#8217;industria alberghiera e della ristorazione locale.<\/strong><\/p>\n<p>La sesta edizione della Rotta delle Tapas di Puerto del Rosario entra nel vivo con l&#8217;annuncio dei sette locali finalisti che hanno conquistato i palati del pubblico grazie alla loro originalit\u00e0, presentazione e sapore.<\/p>\n<p>Le sedi selezionate come le migliori di questa edizione sono:<\/p>\n<ul>\n<li><strong>HUga Cafegastrotapas<\/strong><\/li>\n<li><strong>La baia di Puerto Lajas<\/strong><\/li>\n<li><strong>5 Sensi, Riso e Tapas<\/strong><\/li>\n<li><strong>Condumio Gourmet<\/strong><\/li>\n<li><strong>Il ristorante degli influencer<\/strong><\/li>\n<li><strong>Restobar Terra<\/strong><\/li>\n<li><strong>Il mio modo Gastrobar<\/strong><\/li>\n<\/ul>\n<p><strong>Mercoled\u00ec 16 luglio<\/strong>, una giuria professionale composta da personalit\u00e0 di spicco del mondo gastronomico sar\u00e0 incaricata di valutare le proposte finali e di scegliere i vincitori. La giuria \u00e8 composta da: <\/p>\n<ul>\n<li><strong>Macarena S\u00e1nchez<\/strong>, direttrice di ACORA (Associazione dei frantoi industriali di C\u00f3rdoba).<\/li>\n<li><strong>Jos\u00e9 Manuel Bajo<\/strong>, Segretario Generale della Denominazione di Origine Baena<\/li>\n<li><strong>Diana Marcelino<\/strong>, rinomata chef del ristorante El Secreto de Chimiche<\/li>\n<\/ul>\n<p>Il sindaco di Puerto del Rosario, <strong>David de Vera<\/strong>, ha espresso la sua soddisfazione per il successo dell&#8217;evento: &#8220;La Rotta delle Tapas si \u00e8 affermata come un evento essenziale per dare impulso al settore della ristorazione locale e promuovere la nostra identit\u00e0 gastronomica. Desidero ringraziare tutti i locali partecipanti per il loro impegno e la loro creativit\u00e0, nonch\u00e9 il pubblico che anche quest&#8217;anno ha risposto con entusiasmo&#8221;.<\/p>\n<p>Da parte sua, l&#8217;assessore al Commercio, <strong>Tacoremi Guti\u00e9rrez<\/strong>, ha sottolineato l&#8217;importanza di questa iniziativa per il tessuto economico locale: &#8220;questo percorso non solo d\u00e0 visibilit\u00e0 al talento culinario che abbiamo a Puerto del Rosario, ma incoraggia anche il consumo nei nostri bar e ristoranti, generando movimento economico e opportunit\u00e0 per i nostri imprenditori. Inoltre, continueremo a promuovere attivit\u00e0 parallele come degustazioni e laboratori che arricchiscono l&#8217;esperienza di locali e visitatori&#8221;.<\/p>\n<p>La Strada delle Tapas di Puerto del Rosario continua a posizionarsi come punto di riferimento nel calendario gastronomico di Fuerteventura, con l&#8217;obiettivo di continuare ad avvicinare la cultura culinaria al grande pubblico.<\/p>\n<\/div>\n","protected":false},"excerpt":{"rendered":"<p>L&#8217;evento consolida la sua posizione di vetrina del talento culinario di Puerto del Rosario e di forza trainante per l&#8217;industria alberghiera e della ristorazione locale. La sesta edizione della Rotta [&hellip;]<\/p>\n","protected":false},"author":1,"featured_media":7656,"comment_status":"open","ping_status":"open","sticky":false,"template":"","format":"standard","meta":{"inline_featured_image":false,"jnews-multi-image_gallery":[],"jnews_single_post":[],"jnews_primary_category":[],"jnews_social_meta":[],"jnews_override_counter":[],"jnews_post_split":[],"footnotes":""},"categories":[295],"tags":[223],"class_list":["post-7659","post","type-post","status-publish","format-standard","has-post-thumbnail","hentry","category-puerto-del-rosario-it","tag-fuerteventura-it"],"jetpack_featured_media_url":"https:\/\/informacionlocal.es\/wp-content\/uploads\/2025\/07\/tapas-25-pre-folleto-delante.jpeg","_links":{"self":[{"href":"https:\/\/informacionlocal.es\/it\/wp-json\/wp\/v2\/posts\/7659","targetHints":{"allow":["GET"]}}],"collection":[{"href":"https:\/\/informacionlocal.es\/it\/wp-json\/wp\/v2\/posts"}],"about":[{"href":"https:\/\/informacionlocal.es\/it\/wp-json\/wp\/v2\/types\/post"}],"author":[{"embeddable":true,"href":"https:\/\/informacionlocal.es\/it\/wp-json\/wp\/v2\/users\/1"}],"replies":[{"embeddable":true,"href":"https:\/\/informacionlocal.es\/it\/wp-json\/wp\/v2\/comments?post=7659"}],"version-history":[{"count":0,"href":"https:\/\/informacionlocal.es\/it\/wp-json\/wp\/v2\/posts\/7659\/revisions"}],"wp:featuredmedia":[{"embeddable":true,"href":"https:\/\/informacionlocal.es\/it\/wp-json\/wp\/v2\/media\/7656"}],"wp:attachment":[{"href":"https:\/\/informacionlocal.es\/it\/wp-json\/wp\/v2\/media?parent=7659"}],"wp:term":[{"taxonomy":"category","embeddable":true,"href":"https:\/\/informacionlocal.es\/it\/wp-json\/wp\/v2\/categories?post=7659"},{"taxonomy":"post_tag","embeddable":true,"href":"https:\/\/informacionlocal.es\/it\/wp-json\/wp\/v2\/tags?post=7659"}],"curies":[{"name":"wp","href":"https:\/\/api.w.org\/{rel}","templated":true}]}}