{"id":7649,"date":"2025-07-15T21:58:47","date_gmt":"2025-07-15T20:58:47","guid":{"rendered":"https:\/\/informacionlocal.es\/il-summer-film-festival-torna-a-puerto-del-rosario-con-film-per-tutti-i-tipi-di-pubblico\/"},"modified":"2025-07-15T21:58:47","modified_gmt":"2025-07-15T20:58:47","slug":"il-summer-film-festival-torna-a-puerto-del-rosario-con-film-per-tutti-i-tipi-di-pubblico","status":"publish","type":"post","link":"https:\/\/informacionlocal.es\/it\/il-summer-film-festival-torna-a-puerto-del-rosario-con-film-per-tutti-i-tipi-di-pubblico\/","title":{"rendered":"Il Summer Film Festival torna a Puerto del Rosario con film per tutti i tipi di pubblico."},"content":{"rendered":"<div class=\"entry-content\">\n<p>Come ogni estate, il Comune di Puerto del Rosario, attraverso l&#8217;Assessorato alla Cultura, lancia il <strong>Summer Film Festival<\/strong>, una proposta culturale che unisce intrattenimento e convivialit\u00e0 negli spazi pubblici del comune. L&#8217;iniziativa, gi\u00e0 consolidata nel calendario estivo, far\u00e0 il giro di vari punti del comune con proiezioni per tutti i pubblici e in un ambiente all&#8217;aperto che invita a godersi il cinema sotto le stelle. <\/p>\n<p>Il programma prende il via <strong>sabato 19 luglio<\/strong> presso la <strong>spiaggia di Los Pozos<\/strong>, dove verranno proiettati due film: <em>PawPatrol: The Movie<\/em>, rivolto ai bambini, alle 19:00; e la commedia romantica britannica <em>Quattro matrimoni e un funerale<\/em>, che potr\u00e0 essere vista dalle 21:00.<\/p>\n<p>Il prossimo appuntamento \u00e8 per <strong>sabato<\/strong><strong>26 luglio, nella Plaza de El Matorral<\/strong>, con una doppia sessione rivolta anche a pubblici diversi. Alle 19:00 verr\u00e0 proiettato <em>Kung Fu Panda 4<\/em> e dalle 21:00 <em>La lengua de las mariposas<\/em>, un classico spagnolo che invita alla riflessione da un punto di vista sensibile ed educativo. <\/p>\n<p>Il ciclo prosegue <strong>sabato 2 agosto, in Plaza de Tetir<\/strong>, con <em>Il Gatto con gli stivali: l&#8217;ultimo desiderio<\/em> alle 19:00, seguito alle 21:00 dal pluripremiato film <em>La vita \u00e8 bella<\/em>, una storia commovente che ha toccato intere generazioni.<\/p>\n<p>La chiusura del festival si terr\u00e0 <strong>sabato 9 agosto sul retro della chiesa di Puerto del Rosario<\/strong>, con il film d&#8217;animazione <em>Dragon Keeper<\/em> alle 19:00 e poi <em>Mientras dure la guerra<\/em>, il dramma storico di Alejandro Amen\u00e1bar ambientato all&#8217;inizio della guerra civile spagnola, alle 21:00.<\/p>\n<p>Il sindaco, <strong>David de Vera,<\/strong> sottolinea che &#8220;l&#8217;obiettivo di questo programma \u00e8 portare la cultura nei diversi quartieri e villaggi del comune, incoraggiando cos\u00ec la partecipazione dei quartieri e il godimento collettivo del cinema, gratuitamente e all&#8217;aria aperta&#8221;.<\/p>\n<p>D&#8217;altra parte, l&#8217;Assessore alla Cultura, <strong>Juan Manuel Verdugo<\/strong>, sottolinea &#8220;l&#8217;impegno per una selezione variegata che comprende sia titoli recenti che grandi classici, in modo che il pubblico di tutte le et\u00e0 possa godere di questo intrattenimento con la famiglia e gli amici in un&#8217;atmosfera piacevole&#8221;.<\/p>\n<\/div>\n","protected":false},"excerpt":{"rendered":"<p>Come ogni estate, il Comune di Puerto del Rosario, attraverso l&#8217;Assessorato alla Cultura, lancia il Summer Film Festival, una proposta culturale che unisce intrattenimento e convivialit\u00e0 negli spazi pubblici del [&hellip;]<\/p>\n","protected":false},"author":1,"featured_media":7644,"comment_status":"open","ping_status":"open","sticky":false,"template":"","format":"standard","meta":{"inline_featured_image":false,"jnews-multi-image_gallery":[],"jnews_single_post":[],"jnews_primary_category":[],"jnews_social_meta":[],"jnews_override_counter":[],"jnews_post_split":[],"footnotes":""},"categories":[295],"tags":[],"class_list":["post-7649","post","type-post","status-publish","format-standard","has-post-thumbnail","hentry","category-puerto-del-rosario-it"],"jetpack_featured_media_url":"https:\/\/informacionlocal.es\/wp-content\/uploads\/2025\/07\/cine-verano-titu-gente-archivo.jpg","_links":{"self":[{"href":"https:\/\/informacionlocal.es\/it\/wp-json\/wp\/v2\/posts\/7649","targetHints":{"allow":["GET"]}}],"collection":[{"href":"https:\/\/informacionlocal.es\/it\/wp-json\/wp\/v2\/posts"}],"about":[{"href":"https:\/\/informacionlocal.es\/it\/wp-json\/wp\/v2\/types\/post"}],"author":[{"embeddable":true,"href":"https:\/\/informacionlocal.es\/it\/wp-json\/wp\/v2\/users\/1"}],"replies":[{"embeddable":true,"href":"https:\/\/informacionlocal.es\/it\/wp-json\/wp\/v2\/comments?post=7649"}],"version-history":[{"count":0,"href":"https:\/\/informacionlocal.es\/it\/wp-json\/wp\/v2\/posts\/7649\/revisions"}],"wp:featuredmedia":[{"embeddable":true,"href":"https:\/\/informacionlocal.es\/it\/wp-json\/wp\/v2\/media\/7644"}],"wp:attachment":[{"href":"https:\/\/informacionlocal.es\/it\/wp-json\/wp\/v2\/media?parent=7649"}],"wp:term":[{"taxonomy":"category","embeddable":true,"href":"https:\/\/informacionlocal.es\/it\/wp-json\/wp\/v2\/categories?post=7649"},{"taxonomy":"post_tag","embeddable":true,"href":"https:\/\/informacionlocal.es\/it\/wp-json\/wp\/v2\/tags?post=7649"}],"curies":[{"name":"wp","href":"https:\/\/api.w.org\/{rel}","templated":true}]}}