{"id":7636,"date":"2025-07-15T20:59:48","date_gmt":"2025-07-15T19:59:48","guid":{"rendered":"https:\/\/informacionlocal.es\/il-municipio-di-pajara-accoglie-la-37a-edizione-dei-campionati-mondiali-di-windsurf-e-wingfoil\/"},"modified":"2025-07-15T20:59:48","modified_gmt":"2025-07-15T19:59:48","slug":"il-municipio-di-pajara-accoglie-la-37a-edizione-dei-campionati-mondiali-di-windsurf-e-wingfoil","status":"publish","type":"post","link":"https:\/\/informacionlocal.es\/it\/il-municipio-di-pajara-accoglie-la-37a-edizione-dei-campionati-mondiali-di-windsurf-e-wingfoil\/","title":{"rendered":"Il Municipio di P\u00e1jara accoglie la 37\u00aa edizione dei Campionati Mondiali di Windsurf e Wingfoil"},"content":{"rendered":"<div class=\"entry-content\">\n<p><b><i>Dal 17 luglio al 2 agosto, la spiaggia di La Barca ospiter\u00e0 uno degli eventi sportivi e turistici pi\u00f9 importanti di Fuerteventura.  <\/i><\/b><\/p>\n<p><span>Il Municipio di P\u00e1jara ha presentato oggi la 37\u00aa edizione del Campionato Mondiale di Windsurf e Wingfoil, che si terr\u00e0 dal 17 luglio al 2 agosto, una delle competizioni sportive pi\u00f9 emblematiche di Fuerteventura e con la maggiore proiezione internazionale. L&#8217;evento si svolger\u00e0, come ogni anno, sulla spiaggia di La Barca de Sotavento.   <\/span><\/p>\n<p><span>Questa competizione, che riunisce sportivi d&#8217;\u00e9lite provenienti da tutto il mondo, ha un&#8217;enorme attrattiva sportiva e turistica e rappresenta una vetrina di prim&#8217;ordine per le qualit\u00e0 naturali del comune e dell&#8217;intera isola.  <\/span><\/p>\n<p><span>La presentazione ufficiale dell&#8217;evento si \u00e8 svolta questa mattina, marted\u00ec 15 luglio, presso l&#8217;Innside by Meli\u00e1 Hotel, dove i rappresentanti istituzionali e organizzativi hanno fornito tutti i dettagli dell&#8217;evento ai media.  <\/span><\/p>\n<p><span>Il sindaco di P\u00e1jara, Alejandro Jorge, esprime la sua soddisfazione nel continuare a ospitare un evento di questa portata. &#8220;Questo campionato fa gi\u00e0 parte della nostra identit\u00e0 e dimostra che siamo una destinazione in grado di ospitare eventi internazionali con successo e responsabilit\u00e0&#8221;.   <\/span><\/p>\n<p><span>La Presidente del Consiglio dell&#8217;Isola di Fuerteventura, Lola Garc\u00eda, e l&#8217;Assessore al Turismo, Marlene Figueroa, sottolineano il fermo impegno della Corporazione dell&#8217;Isola e dell&#8217;Ente del Turismo nei confronti di uno degli eventi pi\u00f9 importanti del mondo, che colloca Fuerteventura sulla mappa globale degli sport acquatici.  <\/span><\/p>\n<p><span>Un campionato che vede la partecipazione dei migliori windsurfisti del mondo e che \u00e8 molto pi\u00f9 che uno sport, &#8220;in quanto fornisce un grande impulso economico: la sua ripercussione genera milioni di euro di entrate per le piccole e medie imprese, oltre che per i negozi e le aziende della zona, con un indiscutibile impatto mediatico a livello mondiale&#8221;, aggiunge Lola Garc\u00eda.  <\/span><\/p>\n<p><span>L&#8217;assessore al Turismo di P\u00e1jara, Tina Da Silva, sottolinea l&#8217;impatto che, anno dopo anno, questo evento sportivo ha avuto sul turismo locale. &#8220;Al di l\u00e0 dello sport, questa competizione \u00e8 una finestra aperta sulla nostra cultura, sulla nostra gastronomia e sul nostro stile di vita&#8221;, afferma.   <\/span><\/p>\n<p><span>L&#8217;assessore allo sport, Jos\u00e9 Benito Alonso, ha posto l&#8217;accento sullo sforzo collettivo che rende possibile questo evento. &#8220;Siamo pronti a offrire la migliore esperienza possibile, sia agli atleti che al pubblico, e continueremo a sostenere gli eventi che promuovono lo sport e che vanno a beneficio della nostra comunit\u00e0&#8221;, ha dichiarato.   <\/span><\/p>\n<p><span>Nico Prien, rappresentante del PWA, la societ\u00e0 che collabora, sottolinea che &#8220;abbiamo lavorato per rendere l&#8217;esperienza di quest&#8217;anno indimenticabile, sia per gli atleti che per i visitatori, e per continuare a proiettare l&#8217;immagine di Fuerteventura a livello internazionale come una destinazione unica per il windsurf e il wingfoil&#8221;.  <\/span><\/p>\n<p><span>David Navarro, rappresentante di DN7 Music, organizzatore del festival &#8220;La Carpa&#8221;, sottolinea il ruolo chiave dell&#8217;evento che &#8220;\u00e8 diventato un perfetto complemento al campionato, offrendo un&#8217;esperienza unica giorno e notte. \u00c8 un privilegio produrre questo festival in un ambiente cos\u00ec speciale e con artisti che si legano al pubblico locale e a quello ospite. Quest&#8217;anno facciamo un ulteriore passo avanti con una proposta musicale di alto livello&#8221;.  <\/span><\/p>\n<p><span>Oltre alla competizione sportiva, l&#8217;area La Barca ospiter\u00e0 nuovamente il festival La Carpa, uno spazio con una capacit\u00e0 di 4.500 persone e un programma musicale che vedr\u00e0 la partecipazione di artisti di spicco come Omega, Kapo e Omar Courtz, tra gli altri.  <\/span><\/p>\n<p><span>Come nelle precedenti edizioni, l&#8217;evento sar\u00e0 dotato di un dispositivo di sicurezza e di un violet point, per garantire un ambiente ludico, inclusivo e privo di qualsiasi tipo di violenza.  <\/span><\/p>\n<\/div>\n","protected":false},"excerpt":{"rendered":"<p><i>Dal 17 luglio al 2 agosto, la spiaggia di La Barca ospiter\u00e0 uno degli eventi sportivi e turistici pi\u00f9 importanti di Fuerteventura.  <\/i><\/p>\n","protected":false},"author":1,"featured_media":7632,"comment_status":"open","ping_status":"open","sticky":false,"template":"","format":"standard","meta":{"inline_featured_image":false,"jnews-multi-image_gallery":[],"jnews_single_post":[],"jnews_primary_category":[],"jnews_social_meta":[],"jnews_override_counter":[],"jnews_post_split":[],"footnotes":""},"categories":[298],"tags":[308,223,226],"class_list":["post-7636","post","type-post","status-publish","format-standard","has-post-thumbnail","hentry","category-pajara-it","tag-eventos-it","tag-fuerteventura-it","tag-turismo-it"],"jetpack_featured_media_url":"https:\/\/informacionlocal.es\/wp-content\/uploads\/2025\/07\/campeonato-de-windsurf-e1752585248822.jpeg","_links":{"self":[{"href":"https:\/\/informacionlocal.es\/it\/wp-json\/wp\/v2\/posts\/7636","targetHints":{"allow":["GET"]}}],"collection":[{"href":"https:\/\/informacionlocal.es\/it\/wp-json\/wp\/v2\/posts"}],"about":[{"href":"https:\/\/informacionlocal.es\/it\/wp-json\/wp\/v2\/types\/post"}],"author":[{"embeddable":true,"href":"https:\/\/informacionlocal.es\/it\/wp-json\/wp\/v2\/users\/1"}],"replies":[{"embeddable":true,"href":"https:\/\/informacionlocal.es\/it\/wp-json\/wp\/v2\/comments?post=7636"}],"version-history":[{"count":0,"href":"https:\/\/informacionlocal.es\/it\/wp-json\/wp\/v2\/posts\/7636\/revisions"}],"wp:featuredmedia":[{"embeddable":true,"href":"https:\/\/informacionlocal.es\/it\/wp-json\/wp\/v2\/media\/7632"}],"wp:attachment":[{"href":"https:\/\/informacionlocal.es\/it\/wp-json\/wp\/v2\/media?parent=7636"}],"wp:term":[{"taxonomy":"category","embeddable":true,"href":"https:\/\/informacionlocal.es\/it\/wp-json\/wp\/v2\/categories?post=7636"},{"taxonomy":"post_tag","embeddable":true,"href":"https:\/\/informacionlocal.es\/it\/wp-json\/wp\/v2\/tags?post=7636"}],"curies":[{"name":"wp","href":"https:\/\/api.w.org\/{rel}","templated":true}]}}