{"id":7623,"date":"2025-07-15T19:58:49","date_gmt":"2025-07-15T18:58:49","guid":{"rendered":"https:\/\/informacionlocal.es\/il-cabildo-e-padilla-supermercados-spar-lanciano-liniziativa-fuerteventura-per-una-vecchiaia-sana-nellambito-del-progetto-neuromajo-2025\/"},"modified":"2025-07-15T19:58:49","modified_gmt":"2025-07-15T18:58:49","slug":"il-cabildo-e-padilla-supermercados-spar-lanciano-liniziativa-fuerteventura-per-una-vecchiaia-sana-nellambito-del-progetto-neuromajo-2025","status":"publish","type":"post","link":"https:\/\/informacionlocal.es\/it\/il-cabildo-e-padilla-supermercados-spar-lanciano-liniziativa-fuerteventura-per-una-vecchiaia-sana-nellambito-del-progetto-neuromajo-2025\/","title":{"rendered":"Il Cabildo e Padilla Supermercados Spar lanciano l&#8217;iniziativa &#8220;Fuerteventura, per una vecchiaia sana&#8221; nell&#8217;ambito del progetto NeuroMajo 2025."},"content":{"rendered":"<div class=\"entry-content\"><strong>15 luglio 2025<\/strong><\/p>\n<p><em><strong>I partecipanti ricevono carte sconto per l&#8217;acquisto di prodotti sani, grazie a un accordo firmato dal Cabildo, da Padilla Supermercados e dall&#8217;Associazione Neurol\u00edmpica.<\/strong><\/em><\/p>\n<p>Il Consiglio dell&#8217;Isola di Fuerteventura ha firmato oggi l&#8217;accordo &#8220;Fuerteventura, per una vecchiaia sana&#8221; con l&#8217;Associazione Neurol\u00edmpica e Padilla Supermercados Spar. Un&#8217;iniziativa che ha permesso la consegna di carte sconto per l&#8217;acquisto di prodotti sani e di prima necessit\u00e0 ai partecipanti al progetto NeuroMajo2025 del Dipartimento di Azione Sociale della Corporazione isolana. <\/p>\n<p>La presidente del Cabildo di Fuerteventura, Lola Garc\u00eda, spiega che &#8220;con questa azione, siamo grati per lo sforzo e la dedizione che i nostri anziani fanno, superando le sfide, imparando e, soprattutto, godendo dell&#8217;attivit\u00e0 NeuroMajo2025, che \u00e8 il nostro obiettivo dal Cabildo&#8221;.<\/p>\n<p>L&#8217;assessore all&#8217;Azione sociale, V\u00edctor Alonso, ha sottolineato che &#8220;dal Cabildo continuiamo a lavorare con e per gli anziani, con il coinvolgimento dal primo minuto di tutti i consigli comunali in NeuroMajo2025&#8221;. &#8220;Stiamo facendo formazione da marzo e oggi siamo grati per gli sforzi di tutti i partecipanti attraverso questo accordo con Padilla Supermercados Spar&#8221;. <\/p>\n<p>Il rappresentante di Padilla Supermercados Spar, Juan Alberto Padilla, ha spiegato che &#8220;questo \u00e8 un modo per sostenere le persone che aderiscono all&#8217;iniziativa NeuroMajo, che avranno sconti su 43 famiglie di prodotti, nei 16 stabilimenti che abbiamo sull&#8217;isola&#8221;. &#8220;Un&#8217;azione che ci spinge a continuare a creare iniziative di carattere sociale&#8221;. <\/p>\n<p>Besay Rodr\u00edguez, presidente dell&#8217;Asociaci\u00f3n Neurol\u00edmpica, ha sottolineato che &#8220;Fuerteventura \u00e8 stata determinata ad essere un pioniere in tutto ci\u00f2 che riguarda le Neurolimpiadi. L&#8217;anno scorso \u00e8 stata la prima isola a essere completamente coinvolta con tutti i comuni che partecipano all&#8217;attivit\u00e0 e, quest&#8217;anno, continua a innovare con un accordo che va a beneficio delle persone che gareggiano nel Neuromajo. Questo la dice lunga sul coinvolgimento del Cabildo e di tutti i partecipanti&#8221;.<\/p>\n<p>Alla cerimonia di firma hanno partecipato circa un centinaio delle trecento persone che partecipano al NeuroMajo2025 di quest&#8217;anno, che hanno voluto essere presenti all&#8217;evento di oggi. Le carte sconto sono state ritirate da una rappresentanza di partecipanti di ogni comune: Lucas Hern\u00e1ndez e Pilar P\u00e9rez in rappresentanza del comune di Tuineje, Milagros Falc\u00f3n Gordillo e Amelia S\u00e1nchez del comune di Antigua, Yolanda Padilla e Kalala Cabrera del comune di Betancuria, To\u00f1i Alonso e Ram\u00f3n Ernesto Garc\u00eda di Puerto del Rosario, Juana Rosa Naranjo e Jos\u00e9 Mart\u00edn di La Oliva e Mar\u00eda del Carmen Rodr\u00edguez Quesada e Manuel Hern\u00e1ndez del comune di P\u00e1jara. <\/p>\n<p>Erano accompagnati dai consiglieri Kathaisa Rodr\u00edguez e \u00c1ngeles Acosta (P\u00e1jara), Am\u00e9rica Soto (Antigua), Jennifer P\u00e9rez (Puerto del Rosario) e Joana P\u00e9rez (La Oliva). Anche Nayra Pe\u00f1a Cabrera ha partecipato a nome di Tuineje. All&#8217;evento erano presenti anche i consiglieri Adargoma Hern\u00e1ndez e Marlene Figueroa del Cabildo di Fuerteventura e la direttrice dell&#8217;isola dell&#8217;Amministrazione Generale dello Stato, Mar\u00eda Jes\u00fas de la Cruz, tra le altre autorit\u00e0.  <\/p>\n<p><strong>NeuroMajo 2025<\/strong><\/p>\n<p>Dopo il successo della prima edizione, NeuroMajo torna quest&#8217;anno, con la collaborazione dei sei consigli comunali e dell&#8217;Associazione Neurol\u00edmpica. La competizione si svolger\u00e0 il 26, 27 e 28 settembre presso le strutture della Fattoria Sperimentale Pozo Negro, con la partecipazione, al momento, di 300 partecipanti. Le &#8220;partite amichevoli&#8221; nell&#8217;ambito di questa attivit\u00e0 sono iniziate lo scorso giugno.  <\/p>\n<\/div>\n","protected":false},"excerpt":{"rendered":"<p>15 luglio 2025 I partecipanti ricevono carte sconto per l&#8217;acquisto di prodotti sani, grazie a un accordo firmato dal Cabildo, da Padilla Supermercados e dall&#8217;Associazione Neurol\u00edmpica. Il Consiglio dell&#8217;Isola di [&hellip;]<\/p>\n","protected":false},"author":1,"featured_media":7620,"comment_status":"open","ping_status":"open","sticky":false,"template":"","format":"standard","meta":{"inline_featured_image":false,"jnews-multi-image_gallery":[],"jnews_single_post":[],"jnews_primary_category":[],"jnews_social_meta":[],"jnews_override_counter":[],"jnews_post_split":[],"footnotes":""},"categories":[289],"tags":[202,223],"class_list":["post-7623","post","type-post","status-publish","format-standard","has-post-thumbnail","hentry","category-cabildo-it","tag-comuni","tag-fuerteventura-it"],"jetpack_featured_media_url":"https:\/\/informacionlocal.es\/wp-content\/uploads\/2025\/07\/ddd-3.jpeg","_links":{"self":[{"href":"https:\/\/informacionlocal.es\/it\/wp-json\/wp\/v2\/posts\/7623","targetHints":{"allow":["GET"]}}],"collection":[{"href":"https:\/\/informacionlocal.es\/it\/wp-json\/wp\/v2\/posts"}],"about":[{"href":"https:\/\/informacionlocal.es\/it\/wp-json\/wp\/v2\/types\/post"}],"author":[{"embeddable":true,"href":"https:\/\/informacionlocal.es\/it\/wp-json\/wp\/v2\/users\/1"}],"replies":[{"embeddable":true,"href":"https:\/\/informacionlocal.es\/it\/wp-json\/wp\/v2\/comments?post=7623"}],"version-history":[{"count":0,"href":"https:\/\/informacionlocal.es\/it\/wp-json\/wp\/v2\/posts\/7623\/revisions"}],"wp:featuredmedia":[{"embeddable":true,"href":"https:\/\/informacionlocal.es\/it\/wp-json\/wp\/v2\/media\/7620"}],"wp:attachment":[{"href":"https:\/\/informacionlocal.es\/it\/wp-json\/wp\/v2\/media?parent=7623"}],"wp:term":[{"taxonomy":"category","embeddable":true,"href":"https:\/\/informacionlocal.es\/it\/wp-json\/wp\/v2\/categories?post=7623"},{"taxonomy":"post_tag","embeddable":true,"href":"https:\/\/informacionlocal.es\/it\/wp-json\/wp\/v2\/tags?post=7623"}],"curies":[{"name":"wp","href":"https:\/\/api.w.org\/{rel}","templated":true}]}}