{"id":7611,"date":"2025-07-15T19:00:36","date_gmt":"2025-07-15T18:00:36","guid":{"rendered":"https:\/\/informacionlocal.es\/conto-alla-rovescia-per-il-ritorno-del-beach-party-caleta-sound-fest-2025\/"},"modified":"2025-07-15T19:00:36","modified_gmt":"2025-07-15T18:00:36","slug":"conto-alla-rovescia-per-il-ritorno-del-beach-party-caleta-sound-fest-2025","status":"publish","type":"post","link":"https:\/\/informacionlocal.es\/it\/conto-alla-rovescia-per-il-ritorno-del-beach-party-caleta-sound-fest-2025\/","title":{"rendered":"Conto alla rovescia per il ritorno del Beach Party Caleta Sound Fest 2025"},"content":{"rendered":"<div class=\"elementor-widget-container\">\n<p><strong>Conto alla rovescia per il ritorno del Beach Party Caleta Sound Fest 2025<\/strong><\/p>\n<p><strong>&#8211; Riunione del Consiglio di Sicurezza del Caleta Sound Fest Beach Party 2025 <\/strong><br \/><strong>&#8211; Questo mercoled\u00ec verranno svelati gli artisti che saliranno sul palco del Caleta Sound Fest l&#8217;1 e il 2 agosto.<\/strong><\/p>\n<p>Il Safety Board del Beach Party Caleta Sound Fest, che torna ad essere il principale evento musicale del comune e dell&#8217;isola, si \u00e8 tenuto nel Municipio di Antigua, offrendo l&#8217;1 e il 2 agosto una maratona di concerti con artisti di spicco e molto conosciuti, ai primi posti nelle classifiche musicali della scena nazionale e internazionale.<\/p>\n<p>Al Consiglio di Sicurezza presieduto dal Sindaco, Mat\u00edas Pe\u00f1a Garc\u00eda e dalla Direttrice Insulare dell&#8217;Amministrazione Generale dello Stato, Mar\u00eda Jes\u00fas De La Cruz Montserrat, hanno partecipato il Capitano della Guardia Civil di Fuerteventura, Pedro Peinado, il Vice Ispettore Capo della Polizia Locale, Domingo Fr\u00e1nquiz, il Coordinatore dei Vigili del Fuoco e delle Emergenze di Fuerteventura, Francisco Torres, i responsabili delle ambulanze e della sicurezza privata, cos\u00ec come l&#8217;Assessore al Turismo, Kristina Rodewig e l&#8217;Assessore al Turismo, Kristina Rodewig, Domingo Fr\u00e1nquiz, il Coordinatore dei Vigili del Fuoco e delle Emergenze di Fuerteventura, Francisco Torres, i responsabili delle ambulanze e della sicurezza privata, nonch\u00e9 l&#8217;Assessore al Turismo, Kristina Rodewig e l&#8217;Assessore alla Sicurezza, Emergenze e Protezione Civile, Fernando Estupi\u00f1\u00e1n.<\/p>\n<p>Il rappresentante del Grupo Cabrera D\u00edaz S.L., Jos\u00e9 Manuel D\u00edaz D\u00edaz, ha presentato un Piano di Sicurezza completo e dettagliato con un palco gigante sulla spiaggia di El Castillo con aree per il pubblico, un&#8217;area speciale per le persone a mobilit\u00e0 ridotta, aree gastronomiche, accessi, ambulanze mediche e servizi igienici pubblici.<\/p>\n<p>La sicurezza in loco sar\u00e0 rafforzata con una sicurezza privata dall&#8217;inizio alla fine dei concerti nelle prime ore del mattino, intensificando i servizi di taxi di Antigua, cos\u00ec come il servizio di autobus pubblici dell&#8217;isola sar\u00e0 esteso con orari notturni supplementari per facilitare gli spostamenti dei partecipanti ai concerti.<\/p>\n<\/p>\n<\/div>\n","protected":false},"excerpt":{"rendered":"<p><strong>Conto alla rovescia per il ritorno del Beach Party Caleta Sound Fest 2025<\/strong><\/p>\n","protected":false},"author":1,"featured_media":7608,"comment_status":"open","ping_status":"open","sticky":false,"template":"","format":"standard","meta":{"inline_featured_image":false,"jnews-multi-image_gallery":[],"jnews_single_post":[],"jnews_primary_category":[],"jnews_social_meta":[],"jnews_override_counter":[],"jnews_post_split":[],"footnotes":""},"categories":[282],"tags":[223],"class_list":["post-7611","post","type-post","status-publish","format-standard","has-post-thumbnail","hentry","category-antigua-it","tag-fuerteventura-it"],"jetpack_featured_media_url":"https:\/\/informacionlocal.es\/wp-content\/uploads\/2025\/07\/junta-de-seguridad-caleta-sound-fest-2-scaled-1.jpg","_links":{"self":[{"href":"https:\/\/informacionlocal.es\/it\/wp-json\/wp\/v2\/posts\/7611","targetHints":{"allow":["GET"]}}],"collection":[{"href":"https:\/\/informacionlocal.es\/it\/wp-json\/wp\/v2\/posts"}],"about":[{"href":"https:\/\/informacionlocal.es\/it\/wp-json\/wp\/v2\/types\/post"}],"author":[{"embeddable":true,"href":"https:\/\/informacionlocal.es\/it\/wp-json\/wp\/v2\/users\/1"}],"replies":[{"embeddable":true,"href":"https:\/\/informacionlocal.es\/it\/wp-json\/wp\/v2\/comments?post=7611"}],"version-history":[{"count":0,"href":"https:\/\/informacionlocal.es\/it\/wp-json\/wp\/v2\/posts\/7611\/revisions"}],"wp:featuredmedia":[{"embeddable":true,"href":"https:\/\/informacionlocal.es\/it\/wp-json\/wp\/v2\/media\/7608"}],"wp:attachment":[{"href":"https:\/\/informacionlocal.es\/it\/wp-json\/wp\/v2\/media?parent=7611"}],"wp:term":[{"taxonomy":"category","embeddable":true,"href":"https:\/\/informacionlocal.es\/it\/wp-json\/wp\/v2\/categories?post=7611"},{"taxonomy":"post_tag","embeddable":true,"href":"https:\/\/informacionlocal.es\/it\/wp-json\/wp\/v2\/tags?post=7611"}],"curies":[{"name":"wp","href":"https:\/\/api.w.org\/{rel}","templated":true}]}}