{"id":7575,"date":"2025-07-15T16:00:14","date_gmt":"2025-07-15T15:00:14","guid":{"rendered":"https:\/\/informacionlocal.es\/circa-200-persone-partecipano-ai-laboratori-di-questa-edizione-del-progetto-enredarte\/"},"modified":"2025-07-15T16:00:14","modified_gmt":"2025-07-15T15:00:14","slug":"circa-200-persone-partecipano-ai-laboratori-di-questa-edizione-del-progetto-enredarte","status":"publish","type":"post","link":"https:\/\/informacionlocal.es\/it\/circa-200-persone-partecipano-ai-laboratori-di-questa-edizione-del-progetto-enredarte\/","title":{"rendered":"Circa 200 persone partecipano ai laboratori di questa edizione del progetto EnRedArte."},"content":{"rendered":"<div class=\"entry-content\"><strong>15 luglio 2025<\/strong><\/p>\n<p>Circa 200 persone hanno partecipato ai laboratori e alle attivit\u00e0 del progetto &#8220;EnRedArte&#8221; del Dipartimento dell&#8217;Artigianato del Consiglio dell&#8217;Isola di Fuerteventura. Un&#8217;iniziativa che, secondo Lolina Negr\u00edn, &#8220;cerca di mantenere vivo l&#8217;artigianato nelle mani delle nuove generazioni e di tutti coloro che desiderano imparare&#8221;. <\/p>\n<p>Nell&#8217;ambito delle diverse azioni, pi\u00f9 di cento persone hanno partecipato ai laboratori sviluppati in collaborazione con l&#8217;Associazione degli Artigiani Creativi di Fuerteventura e diverse associazioni di quartiere, durante i mesi di giugno e luglio. In totale si sono tenuti 13 laboratori in diversi centri culturali dell&#8217;isola, con la partecipazione di 121 studenti. <\/p>\n<p>Il programma ha incluso la formazione in tecniche artigianali come la lavorazione del cuoio, il macram\u00e8, la sartoria e la realizzazione di costumi tradizionali delle Canarie, con l&#8217;obiettivo di preservare le conoscenze artigianali locali, incoraggiare la creativit\u00e0 e offrire ai cittadini nuove opportunit\u00e0 di apprendimento. I laboratori si sono svolti in citt\u00e0 come Morro Jable, La Lajita, Tarajalejo, Villaverde, Valle de Santa In\u00e9s, Casillas del \u00c1ngel, Tuineje, Tetir e El Matorral, tra le altre. L&#8217;attivit\u00e0 \u00e8 stata insegnata da artigiani e artigiane accreditati nei rispettivi mestieri, in sessioni della durata di 20 ore e gratuite.  <\/p>\n<p>Tra i laboratori pi\u00f9 frequentati ci sono quelli di macram\u00e9, che hanno riunito 61 persone in luoghi come La Lajita, Tarajalejo, Los Estancos, Parque Holand\u00e9s e la Fundaci\u00f3n Colectivo Mafasca. Nella lavorazione del cuoio, 35 persone sono state formate nei centri culturali di Morro Jable, Villaverde, Valle de Santa In\u00e9s e Tef\u00eda. A loro volta, i corsi di costume tradizionale hanno avuto 16 partecipanti a Tuineje e Tetir, mentre il laboratorio di sartoria, tenutosi a Casillas del \u00c1ngel, ha avuto nove partecipanti.  <\/p>\n<p><strong>Progetto &#8220;EnRedArte<\/strong><\/p>\n<p>Il progetto &#8220;EnRedArte&#8221; ha incluso anche un laboratorio di creazione di cappelli tradizionali, sotto la direzione dell&#8217;artigiano e istruttore Lito Nolasco Herrera, con la collaborazione della maestra Juana Montelongo Reyes. Anche il laboratorio di ceramica aborigena \u00e8 stato tenuto dal ceramista Jos\u00e9 Luis Aradas, con la collaborazione del maestro Silverio L\u00f3pez. <\/p>\n<p>Le attivit\u00e0 sono state portate anche agli studenti dell&#8217;IES Puerto del Rosario, del CEIP Puerto Cabras-Rafael B\u00e1ez e del CEIP Costa Calma. Negli spazi di lavoro degli artigiani si sono svolti anche laboratori specializzati tenuti da Bianca Scarpari, Bernhard Glauser, Felipe Nicol\u00e1s Bobadilla e Martin Rehak. <\/p>\n<p>In questo senso, Lolina Negr\u00edn sottolinea che questa edizione di &#8216;EnRedArte&#8217; \u00e8 stata &#8220;particolarmente arricchente&#8221; perch\u00e9 ha raggiunto angoli dell&#8217;isola in cui questo tipo di formazione non viene solitamente impartita. &#8220;Il successo di partecipazione conferma che i cittadini apprezzano questo tipo di formazione e ci incoraggia a continuare ad ampliare l&#8217;offerta e a diversificare i mestieri, con nuovi laboratori in programma nei prossimi mesi&#8221;, aggiunge. <\/p>\n<p><strong>A<\/strong><\/p>\n<\/div>\n","protected":false},"excerpt":{"rendered":"<p>15 luglio 2025 Circa 200 persone hanno partecipato ai laboratori e alle attivit\u00e0 del progetto &#8220;EnRedArte&#8221; del Dipartimento dell&#8217;Artigianato del Consiglio dell&#8217;Isola di Fuerteventura. Un&#8217;iniziativa che, secondo Lolina Negr\u00edn, &#8220;cerca [&hellip;]<\/p>\n","protected":false},"author":1,"featured_media":7572,"comment_status":"open","ping_status":"open","sticky":false,"template":"","format":"standard","meta":{"inline_featured_image":false,"jnews-multi-image_gallery":[],"jnews_single_post":[],"jnews_primary_category":[],"jnews_social_meta":[],"jnews_override_counter":[],"jnews_post_split":[],"footnotes":""},"categories":[289],"tags":[223],"class_list":["post-7575","post","type-post","status-publish","format-standard","has-post-thumbnail","hentry","category-cabildo-it","tag-fuerteventura-it"],"jetpack_featured_media_url":"https:\/\/informacionlocal.es\/wp-content\/uploads\/2025\/07\/ssee.jpeg","_links":{"self":[{"href":"https:\/\/informacionlocal.es\/it\/wp-json\/wp\/v2\/posts\/7575","targetHints":{"allow":["GET"]}}],"collection":[{"href":"https:\/\/informacionlocal.es\/it\/wp-json\/wp\/v2\/posts"}],"about":[{"href":"https:\/\/informacionlocal.es\/it\/wp-json\/wp\/v2\/types\/post"}],"author":[{"embeddable":true,"href":"https:\/\/informacionlocal.es\/it\/wp-json\/wp\/v2\/users\/1"}],"replies":[{"embeddable":true,"href":"https:\/\/informacionlocal.es\/it\/wp-json\/wp\/v2\/comments?post=7575"}],"version-history":[{"count":0,"href":"https:\/\/informacionlocal.es\/it\/wp-json\/wp\/v2\/posts\/7575\/revisions"}],"wp:featuredmedia":[{"embeddable":true,"href":"https:\/\/informacionlocal.es\/it\/wp-json\/wp\/v2\/media\/7572"}],"wp:attachment":[{"href":"https:\/\/informacionlocal.es\/it\/wp-json\/wp\/v2\/media?parent=7575"}],"wp:term":[{"taxonomy":"category","embeddable":true,"href":"https:\/\/informacionlocal.es\/it\/wp-json\/wp\/v2\/categories?post=7575"},{"taxonomy":"post_tag","embeddable":true,"href":"https:\/\/informacionlocal.es\/it\/wp-json\/wp\/v2\/tags?post=7575"}],"curies":[{"name":"wp","href":"https:\/\/api.w.org\/{rel}","templated":true}]}}